{"id":7924,"date":"2025-10-24T20:16:02","date_gmt":"2025-10-24T20:16:02","guid":{"rendered":"https:\/\/politicapatagonica.com\/?p=7924"},"modified":"2025-10-25T05:58:54","modified_gmt":"2025-10-25T05:58:54","slug":"mas-de-300-mil-pampeanas-y-pampeanos-estan-llamados-a-votar-este-domingo","status":"publish","type":"post","link":"https:\/\/politicapatagonica.com\/index.php\/2025\/10\/24\/mas-de-300-mil-pampeanas-y-pampeanos-estan-llamados-a-votar-este-domingo\/","title":{"rendered":"M\u00e1s de 300 mil pampeanas y pampeanos est\u00e1n llamados a votar este domingo"},"content":{"rendered":"\n<p>Este domingo 26 de octubre, m\u00e1s de 300 mil pampeanas y pampeanos est\u00e1n convocados a las urnas para elegir tres bancas de diputados nacionales para ir al Congreso.&nbsp;<strong>El padr\u00f3n definitivo de La Pampa asciende a 304.693 personas: 153.883 son mujeres, 150.802 hombres y 8 no binarios.<\/strong><\/p>\n\n\n\n<p>Entre los habilitados para votar, hay siete personas ausentes por &#8220;desaparici\u00f3n forzada&#8221; y 405 que superan los 104 a\u00f1os.&nbsp;<strong>Adem\u00e1s, 8.769 j\u00f3venes de entre 16 y 17 a\u00f1os est\u00e1n incluidos, de los cuales 4.350 son mujeres y 4.419 hombres. Los datos fueron confirmados por la Secretar\u00eda Electoral de la Corte Suprema de Justicia.<\/strong><\/p>\n\n\n\n<p>Las principales ciudades con mayor cantidad de electores son Santa Rosa, con 95.378; General Pico, con 54.101; Toay, con 16.031; y General Acha, con 12.346. Le siguen localidades como Eduardo Castex (8.906), 25 de Mayo (8.517) e Intendente Alvear (7.711).<\/p>\n\n\n\n<p><strong>En total, se presentar\u00e1n cinco listas que competir\u00e1n en todo el territorio provincial<\/strong>. La boleta del Frente Defendemos La Pampa la encabeza Abelardo Ferr\u00e1n y Varinia Mar\u00edn; la de la Libertad Avanza, Adri\u00e1n Ravier y Adriana Garc\u00eda; de Cambia La Pampa, Federico Guidugli y Eugenia Forte; por el Frente de Izquierda, Claudia Lupardo y&nbsp;Lucas Mateos Montigel; y por el Nuevo M\u00e1s, Ayel\u00e9n Pilcick y Cristian Bustamente.<\/p>\n\n\n\n<p><strong>La jornada electoral se desarrollar\u00e1 con normalidad en las m\u00e1s de 70 localidades del interior y la capital provincial, y se espera una alta participaci\u00f3n. Este comicio tiene como novedad la implementaci\u00f3n del sistema de boleta \u00fanica.<\/strong><\/p>\n\n\n\n<p>Las autoridades electorales recomiendan a los votantes verificar su lugar de votaci\u00f3n y concurrir con suficiente anticipaci\u00f3n, respetando los protocolos vigentes.<\/p>\n\n\n\n<p>El detalle, por cada localidad, es el siguiente:&nbsp;<\/p>\n\n\n\n<p>| Localidad | Electores |<\/p>\n\n\n\n<p>| &#8212;&#8212;&#8212;&#8212;&#8212;&#8212;&#8211; | &#8212;&#8212;&#8212; |<\/p>\n\n\n\n<p>| Santa Rosa | 95.378 |<\/p>\n\n\n\n<p>| General Pico | 54.101 |<\/p>\n\n\n\n<p>| Toay | 16.031 |<\/p>\n\n\n\n<p>| General Acha | 12.346 |<\/p>\n\n\n\n<p>| Eduardo Castex | 8.906 |<\/p>\n\n\n\n<p>| 25 de Mayo | 8.517 |<\/p>\n\n\n\n<p>| Intendente Alvear | 7.711 |<\/p>\n\n\n\n<p>| Realic\u00f3 | 7.447 |<\/p>\n\n\n\n<p>| Victorica | 5.702 |<\/p>\n\n\n\n<p>| Macach\u00edn | 5.047 |<\/p>\n\n\n\n<p>| Guatrach\u00e9 | 4.761 |<\/p>\n\n\n\n<p>| Ingeniero Luiggi | 4.425 |<\/p>\n\n\n\n<p>| Catril\u00f3 | 4.330 |<\/p>\n\n\n\n<p>| Quem\u00fa Quem\u00fa | 3.654 |<\/p>\n\n\n\n<p>| Rancul | 3.546 |<\/p>\n\n\n\n<p>| Trenel | 3.456 |<\/p>\n\n\n\n<p>| Santa Isabel | 2.748 |<\/p>\n\n\n\n<p>| Colonia Bar\u00f3n | 2.715 |<\/p>\n\n\n\n<p>| Winifreda | 2.585 |<\/p>\n\n\n\n<p>| General San Mart\u00edn | 2.580 |<\/p>\n\n\n\n<p>| Jacinto Arauz | 2.538 |<\/p>\n\n\n\n<p>| La Adela | 2.387 |<\/p>\n\n\n\n<p>| Miguel Riglos | 2.363 |<\/p>\n\n\n\n<p>| Parera | 2.127 |<\/p>\n\n\n\n<p>| Caleuf\u00fa | 2.116 |<\/p>\n\n\n\n<p>| Anguil | 1.978 |<\/p>\n\n\n\n<p>| Alpachiri | 1.906 |<\/p>\n\n\n\n<p>| Lonquimay | 1.733 |<\/p>\n\n\n\n<p>| Bernasconi | 1.683 |<\/p>\n\n\n\n<p>| Doblas | 1.566 |<\/p>\n\n\n\n<p>| Alta Italia | 1.386 |<\/p>\n\n\n\n<p>| Tel\u00e9n | 1.335 |<\/p>\n\n\n\n<p>| Embajador Martini | 1.273 |<\/p>\n\n\n\n<p>| La Maruja | 1.232 |<\/p>\n\n\n\n<p>| General Campos | 1.144 |<\/p>\n\n\n\n<p>| Arata | 1.079 |<\/p>\n\n\n\n<p>| Uriburu | 1.051 |<\/p>\n\n\n\n<p>| La Humada | 876 |<\/p>\n\n\n\n<p>| Ataliva Roca | 868 |<\/p>\n\n\n\n<p>| Dorila | 668 |<\/p>\n\n\n\n<p>| Speluzzi | 678 |<\/p>\n\n\n\n<p>| V\u00e9rtiz | 657 |<\/p>\n\n\n\n<p>| Puel\u00e9n | 644 |<\/p>\n\n\n\n<p>| Quehu\u00e9 | 482 |<\/p>\n\n\n\n<p>| Monte Nievas | 558 |<\/p>\n\n\n\n<p>| Algarrobo del \u00c1guila | 549 |<\/p>\n\n\n\n<p>| Ceballos | 342 |<\/p>\n\n\n\n<p>| Carro Quemado | 366 |<\/p>\n\n\n\n<p>| Agustoni | 351 |<\/p>\n\n\n\n<p>| Mauricio Mayer | 349 |<\/p>\n\n\n\n<p>| Maisonnave | 340 |<\/p>\n\n\n\n<p>| Gobernador Duval | 329 |<\/p>\n\n\n\n<p>| Colonia Santa Mar\u00eda | 325 |<\/p>\n\n\n\n<p>| Pichi Huinca | 253 |<\/p>\n\n\n\n<p>| Cuchillo Co | 258 |<\/p>\n\n\n\n<p>| Falucho | 230 |<\/p>\n\n\n\n<p>| La Reforma | 233 |<\/p>\n\n\n\n<p>| Sarah | 170 |<\/p>\n\n\n\n<p>| Relmo | 153 |<\/p>\n\n\n\n<p>| Loventuel | 150 |<\/p>\n\n\n\n<p>| Limay Mahuida | 140 |<\/p>\n\n\n\n<p>| Unanue | 115 |<\/p>\n\n\n\n<p>| Per\u00fa | 53 |<\/p>\n\n\n\n<p>| Trebolares | 67 |<\/p>\n\n\n\n<p>| Colonia San Jos\u00e9 | 44 |<\/p>\n\n\n\n<p>| Emilio Mitre | 34 |<\/p>\n\n\n\n<p>| Naic\u00f3 | 9 |<\/p>\n\n\n\n<p>| Chamaic\u00f3 | 3 |<\/p>\n\n\n\n<p>| Of. Enrique Segura | 2 |<\/p>\n\n\n\n<p>| San Jos\u00e9 | 1 |<\/p>\n\n\n\n<p><strong>Fuente: www.eldiariodelapampa.com.ar<\/strong><\/p>\n","protected":false},"excerpt":{"rendered":"<p>Este domingo 26 de octubre, m\u00e1s de 300 mil pampeanas y pampeanos est\u00e1n convocados a las urnas para elegir tres bancas de diputados nacionales para ir al Congreso.&nbsp;El padr\u00f3n definitivo de La Pampa asciende a 304.693 personas: 153.883 son mujeres, 150.802 hombres y 8 no binarios. Entre los habilitados para votar, hay siete personas ausentes [&hellip;]<\/p>\n","protected":false},"author":5,"featured_media":7925,"comment_status":"open","ping_status":"open","sticky":false,"template":"","format":"standard","meta":[],"categories":[10],"tags":[],"_links":{"self":[{"href":"https:\/\/politicapatagonica.com\/index.php\/wp-json\/wp\/v2\/posts\/7924"}],"collection":[{"href":"https:\/\/politicapatagonica.com\/index.php\/wp-json\/wp\/v2\/posts"}],"about":[{"href":"https:\/\/politicapatagonica.com\/index.php\/wp-json\/wp\/v2\/types\/post"}],"author":[{"embeddable":true,"href":"https:\/\/politicapatagonica.com\/index.php\/wp-json\/wp\/v2\/users\/5"}],"replies":[{"embeddable":true,"href":"https:\/\/politicapatagonica.com\/index.php\/wp-json\/wp\/v2\/comments?post=7924"}],"version-history":[{"count":2,"href":"https:\/\/politicapatagonica.com\/index.php\/wp-json\/wp\/v2\/posts\/7924\/revisions"}],"predecessor-version":[{"id":7933,"href":"https:\/\/politicapatagonica.com\/index.php\/wp-json\/wp\/v2\/posts\/7924\/revisions\/7933"}],"wp:featuredmedia":[{"embeddable":true,"href":"https:\/\/politicapatagonica.com\/index.php\/wp-json\/wp\/v2\/media\/7925"}],"wp:attachment":[{"href":"https:\/\/politicapatagonica.com\/index.php\/wp-json\/wp\/v2\/media?parent=7924"}],"wp:term":[{"taxonomy":"category","embeddable":true,"href":"https:\/\/politicapatagonica.com\/index.php\/wp-json\/wp\/v2\/categories?post=7924"},{"taxonomy":"post_tag","embeddable":true,"href":"https:\/\/politicapatagonica.com\/index.php\/wp-json\/wp\/v2\/tags?post=7924"}],"curies":[{"name":"wp","href":"https:\/\/api.w.org\/{rel}","templated":true}]}}