{"id":7921,"date":"2025-10-23T20:09:28","date_gmt":"2025-10-23T20:09:28","guid":{"rendered":"https:\/\/politicapatagonica.com\/?p=7921"},"modified":"2025-10-25T05:56:46","modified_gmt":"2025-10-25T05:56:46","slug":"torres-reactivo-204-viviendas-en-trelew-abandonadas-por-el-gobierno-nacional","status":"publish","type":"post","link":"https:\/\/politicapatagonica.com\/index.php\/2025\/10\/23\/torres-reactivo-204-viviendas-en-trelew-abandonadas-por-el-gobierno-nacional\/","title":{"rendered":"Torres reactiv\u00f3 204 viviendas en Trelew abandonadas por el Gobierno Nacional"},"content":{"rendered":"\n<p>El gobernador del Chubut, Ignacio \u201cNacho\u201d Torres, dio este jueves otro paso clave en la reactivaci\u00f3n de obras postergadas por el Estado Nacional. En un acto encabezado junto al secretario general de la UOCRA, Gerardo Mart\u00ednez, el mandatario firm\u00f3 un importante convenio que posibilitar\u00e1 la finalizaci\u00f3n de las 204 viviendas del Plan Procrear que fueron abandonadas por el Gobierno Nacional en el barrio Etchepare de Trelew.<\/p>\n\n\n\n<p>De esta manera, el Gobierno de la Provincia ser\u00e1 ahora el encargado de financiar y culminar la \u00faltima etapa de una obra largamente postergada y que dar\u00e1 empleo genuino a m\u00e1s de 250 trabajadores del sector de la construcci\u00f3n. \u201cHoy tenemos el profundo orgullo de decir que en Chubut estamos volviendo a construir el primer Procrear de la Rep\u00fablica Argentina\u201d, enfatiz\u00f3 el titular del Ejecutivo.&nbsp;<\/p>\n\n\n\n<p>En el marco del acto desarrollado esta ma\u00f1ana en la zona donde est\u00e1n ubicadas las unidades habitacionales, el mandatario reconoci\u00f3 el acompa\u00f1amiento del vicegobernador Gustavo Menna y la labor de los diputados que sancionaron por amplia mayor\u00eda el acuerdo suscripto oportunamente entre Chubut, Naci\u00f3n y el Instituto Provincial de la Vivienda (IPV) para la transferencia y continuidad de los contratos de obra existentes.&nbsp;<\/p>\n\n\n\n<p>La continuidad del Plan en el barrio Etchepare, cuya ejecuci\u00f3n se vio interrumpida tras la suspensi\u00f3n de la obra p\u00fablica a nivel nacional, estar\u00e1 a cargo del IPV, ser\u00e1 financiada con recursos \u00edntegramente provinciales y garantizar\u00e1 el acceso a la vivienda a m\u00e1s de 200 vecinos de Trelew.<\/p>\n\n\n\n<p>\u201c\u00c9sta no es una causa de un partido pol\u00edtico, esta es una causa de todos porque el trabajo es la bandera que tenemos que poner por encima de todas las banderas\u201d, expres\u00f3 Torres en un acto que comparti\u00f3, adem\u00e1s, con el vicegobernador Gustavo Menna; el intendente de Trelew, Gerardo Merino; el presidente del Instituto Provincial de la Vivienda y Desarrollo Urbano (IPVyDU), Guillermo Espada; funcionarios del Gabinete provincial; legisladores provinciales, concejales, vecinos y cientos de trabajadores de la Uni\u00f3n Obrera de la Construcci\u00f3n.<\/p>\n\n\n\n<p>El mandatario record\u00f3 que a poco de asumir al frente del Ejecutivo, en Chubut \u201cten\u00edamos muchas obras frenadas, miles de familias que no sab\u00edan qu\u00e9 iba a pasar con su trabajo\u201d. Se\u00f1al\u00f3 que ante ese escenario adverso, \u201cnos sentamos con el Gobierno Nacional, le explicamos que las cosas se pueden hacer bien, nos tuvieron a las vueltas, fuimos a golpear las puertas que ten\u00edamos que golpear y hoy tenemos el profundo orgullo de decir que en nuestra provincia estamos volviendo a generar trabajo\u201d.<\/p>\n\n\n\n<p>Torres asegur\u00f3 que para esta gesti\u00f3n de Gobierno \u201cla obra p\u00fablica es trabajo y es desarrollo, y para lograrlo hay que tomar decisiones y poner lo que hay que poner\u201d. Sostuvo en ese marco que para dar continuidad a las obras postergadas, \u201cplanteamos una forma de hacerlo, innovadora, y les dijimos que nos traspasen la obra que nosotros la vamos a terminar\u201d.<\/p>\n\n\n\n<p>\u201cCuando asumimos nos dieron que no se pod\u00eda y no sab\u00edamos c\u00f3mo \u00edbamos a afrontar los sueldos, la salud p\u00fablica, la educaci\u00f3n. Y lo hicimos con el compromiso con los que verdaderamente tenemos que tener lealtad, que son las familias trabajadoras de toda la provincia\u201d, remarc\u00f3.<\/p>\n\n\n\n<p>Finalmente, expres\u00f3 que \u201ctenemos una oportunidad \u00fanica como chubutenses de tener una provincia y un pa\u00eds donde el trabajo sea lo que reivindica y dignifica y no tengamos que mendigar un bols\u00f3n de comida\u201d.<\/p>\n\n\n\n<p><strong>Pol\u00edtica habitacional en Chubut<\/strong><\/p>\n\n\n\n<p>El secretario general de la Uni\u00f3n Obrera de la Construcci\u00f3n de la Rep\u00fablica Argentina, Gerardo Mart\u00ednez, agradeci\u00f3 al gobernador Ignacio Torres la invitaci\u00f3n \u201ca trabajar en forma conjunta\u201d, y reivindic\u00f3 \u201cel protagonismo que tiene el Estado provincial para llevar adelante las pol\u00edticas habitacionales\u201d.<\/p>\n\n\n\n<p>El dirigente sindical manifest\u00f3 que este Plan que se reactiva en Chubut \u201cestaba totalmente paralizado por una decisi\u00f3n de Naci\u00f3n\u201d, y en ese marco destac\u00f3 \u201cel v\u00ednculo, la relaci\u00f3n y la preocupaci\u00f3n del gobernador\u201d para llegar con soluciones a familias de la provincia.&nbsp;<\/p>\n\n\n\n<p>\u201cNos pusimos a trabajar en forma conjunta para hacer entender a las autoridades nacionales que esto no iba a poder seguir as\u00ed, que hab\u00eda una decisi\u00f3n pol\u00edtica del gobernador de hacerse cargo\u201d, remarc\u00f3 Mart\u00ednez al considerar que \u201cel di\u00e1logo es una llave maestra para resolver los problemas de nuestra gente\u201d.<\/p>\n\n\n\n<p><strong>Obras nacionales con recursos propios<\/strong><\/p>\n\n\n\n<p>La finalizaci\u00f3n de las 204 viviendas (correspondientes al Programa Pro.Cre.Ar II \u2013 Desarrollo Urban\u00edstico Trelew) se encuadra en el R\u00e9gimen de Extinci\u00f3n de Obligaciones Rec\u00edprocas acordado entre el Gobierno del Chubut y el Estado Nacional, permiti\u00e9ndole a la Provincia concluir obras nacionales postergadas y, al mismo tiempo, desendeudarse.<\/p>\n\n\n\n<p>De este modo, la intervenci\u00f3n del Instituto Provincial de la Vivienda busca asegurar la calidad constructiva, accesibilidad y continuidad urbana, de manera de generar un barrio consolidado con servicios y equipamiento adecuados para sus futuros habitantes, ratificando el compromiso de la actual gesti\u00f3n por brindar una respuesta certera ante la demanda habitacional de la comunidad.<\/p>\n\n\n\n<p><strong>Fuente: www.elchubut.com.ar<\/strong><\/p>\n","protected":false},"excerpt":{"rendered":"<p>El gobernador del Chubut, Ignacio \u201cNacho\u201d Torres, dio este jueves otro paso clave en la reactivaci\u00f3n de obras postergadas por el Estado Nacional. En un acto encabezado junto al secretario general de la UOCRA, Gerardo Mart\u00ednez, el mandatario firm\u00f3 un importante convenio que posibilitar\u00e1 la finalizaci\u00f3n de las 204 viviendas del Plan Procrear que fueron [&hellip;]<\/p>\n","protected":false},"author":5,"featured_media":7922,"comment_status":"open","ping_status":"open","sticky":false,"template":"","format":"standard","meta":[],"categories":[14],"tags":[],"_links":{"self":[{"href":"https:\/\/politicapatagonica.com\/index.php\/wp-json\/wp\/v2\/posts\/7921"}],"collection":[{"href":"https:\/\/politicapatagonica.com\/index.php\/wp-json\/wp\/v2\/posts"}],"about":[{"href":"https:\/\/politicapatagonica.com\/index.php\/wp-json\/wp\/v2\/types\/post"}],"author":[{"embeddable":true,"href":"https:\/\/politicapatagonica.com\/index.php\/wp-json\/wp\/v2\/users\/5"}],"replies":[{"embeddable":true,"href":"https:\/\/politicapatagonica.com\/index.php\/wp-json\/wp\/v2\/comments?post=7921"}],"version-history":[{"count":2,"href":"https:\/\/politicapatagonica.com\/index.php\/wp-json\/wp\/v2\/posts\/7921\/revisions"}],"predecessor-version":[{"id":7932,"href":"https:\/\/politicapatagonica.com\/index.php\/wp-json\/wp\/v2\/posts\/7921\/revisions\/7932"}],"wp:featuredmedia":[{"embeddable":true,"href":"https:\/\/politicapatagonica.com\/index.php\/wp-json\/wp\/v2\/media\/7922"}],"wp:attachment":[{"href":"https:\/\/politicapatagonica.com\/index.php\/wp-json\/wp\/v2\/media?parent=7921"}],"wp:term":[{"taxonomy":"category","embeddable":true,"href":"https:\/\/politicapatagonica.com\/index.php\/wp-json\/wp\/v2\/categories?post=7921"},{"taxonomy":"post_tag","embeddable":true,"href":"https:\/\/politicapatagonica.com\/index.php\/wp-json\/wp\/v2\/tags?post=7921"}],"curies":[{"name":"wp","href":"https:\/\/api.w.org\/{rel}","templated":true}]}}