{"id":7918,"date":"2025-10-23T19:16:11","date_gmt":"2025-10-23T19:16:11","guid":{"rendered":"https:\/\/politicapatagonica.com\/?p=7918"},"modified":"2025-10-25T05:54:32","modified_gmt":"2025-10-25T05:54:32","slug":"proyecto-para-derogar-los-decretos-que-afectan-al-subregimen-fueguino","status":"publish","type":"post","link":"https:\/\/politicapatagonica.com\/index.php\/2025\/10\/23\/proyecto-para-derogar-los-decretos-que-afectan-al-subregimen-fueguino\/","title":{"rendered":"Proyecto para derogar los decretos que afectan al subr\u00e9gimen fueguino"},"content":{"rendered":"\n<p><br><strong>El Senado de la Naci\u00f3n fue escenario de una fuerte se\u00f1al pol\u00edtica. Con el respaldo un\u00e1nime de los 34 senadores de Fuerza Patria, la legisladora nacional fueguina Cristina L\u00f3pez present\u00f3 un proyecto de ley que propone derogar los decretos 333 y 334\/2025, firmados por el presidente Javier Milei, que modifican de manera sustancial el r\u00e9gimen de promoci\u00f3n industrial de Tierra del Fuego.<\/strong><\/p>\n\n\n\n<p>La iniciativa lleg\u00f3 tras agotar las instancias de di\u00e1logo con el Gobierno nacional \u201cEsperamos el tiempo prudencial para construir consensos, pero el da\u00f1o ya est\u00e1 ocurriendo. No hay m\u00e1s margen: hay que derogarlos\u201d, asegur\u00f3 L\u00f3pez.<strong> La legisladora aclar\u00f3 que no se trata de un gesto electoral, sino de \u201cuna respuesta institucional, seria y urgente\u201d frente al impacto de las medidas.<\/strong><\/p>\n\n\n\n<p>Por un lado, el Decreto 333\/2025 redujo aranceles para productos como celulares, aires acondicionados y monitores, e introdujo cambios en la Nomenclatura Com\u00fan del Mercosur (NCM).<strong> Dispuso una baja progresiva del Derecho de Importaci\u00f3n Extrazona (DIE) para los tel\u00e9fonos inteligentes \u2014del 8% actual al 0% desde el 15 de enero de 2026\u2014 y redujo del 35% al 20% el arancel para videoconsolas y m\u00e1quinas de videojuegos.<\/strong><\/p>\n\n\n\n<p>Adem\u00e1s, el decreto rebaj\u00f3 al 9,5% la al\u00edcuota del impuesto interno para aires acondicionados, celulares, televisores y monitores, y estableci\u00f3 una tasa del 0% para los mismos bienes producidos en Tierra del Fuego bajo el r\u00e9gimen de la Ley 19.640. <strong>En paralelo, el Decreto 334\/2025 cre\u00f3 un r\u00e9gimen simplificado de importaci\u00f3n para env\u00edos de bajo valor desde el \u00c1rea Aduanera Especial fueguina hacia el continente, que permite comprar hasta tres unidades iguales por a\u00f1o, con un tope de USD 3000 por env\u00edo.<\/strong><\/p>\n\n\n\n<p>En los fundamentos del proyecto, los senadores advierten que los decretos impulsados por el Gobierno nacional se inscriben en un contexto m\u00e1s amplio de desregulaci\u00f3n econ\u00f3mica y ajuste fiscal, cuyas consecuencias se sienten con mayor fuerza en las regiones perif\u00e9ricas del pa\u00eds.<\/p>\n\n\n\n<p>Seg\u00fan el texto, las medidas carecen de un plan de reconversi\u00f3n productiva y de salvaguardas laborales o mecanismos de sustituci\u00f3n de importaciones que protejan el entramado industrial local. Se trata \u2014afirman\u2014 de un \u201cajuste sin desarrollo\u201d, orientado a generar un alivio transitorio en los precios a costa de la desindustrializaci\u00f3n y el desarraigo. En ese marco, los legisladores solicitan la urgente aprobaci\u00f3n del proyecto para restablecer la normativa anterior, evitar perjuicios irreparables y abrir un \u00e1mbito federal de trabajo que fortalezca el r\u00e9gimen de promoci\u00f3n fueguino sin desnaturalizar su prop\u00f3sito estrat\u00e9gico.<\/p>\n\n\n\n<p>Sin embargo, para <strong>el Gobierno nacional las medidas impulsar\u00edan la competencia y benefician al consumidor. Pero para los integrantes de Fuerza Patria, constituyen un ataque directo al r\u00e9gimen fueguino que desde hace m\u00e1s de cinco d\u00e9cadas sostiene la industrializaci\u00f3n, el empleo y la presencia soberana argentina en el extremo sur. <\/strong>\u201cMilei eligi\u00f3 golpear donde m\u00e1s duele: en el trabajo y la producci\u00f3n. Pero se equivoca si cree que el pueblo fueguino se va a quedar de brazos cruzados\u201d, advirti\u00f3 L\u00f3pez.<\/p>\n\n\n\n<p>La senadora L\u00f3pez se\u00f1al\u00f3 que la industria electr\u00f3nica fueguina emplea a m\u00e1s de 8.000 trabajadores directos y genera otros 15.000 empleos indirectos.<strong> \u201cCada semana sin respuesta desde el Congreso agrava la crisis. Los turnos suspendidos y los despidos silenciosos ya est\u00e1n ocurriendo\u201d, afirm\u00f3.<\/strong><\/p>\n\n\n\n<p>\u201cEl Congreso no puede ser una escriban\u00eda. Si el Gobierno no escucha, debemos ponerle l\u00edmites desde la ley\u201d, sostuvo L\u00f3pez.<\/p>\n\n\n\n<p><strong>La presentaci\u00f3n fue acompa\u00f1ada de una foto pol\u00edtica: los 34 senadores juntos, mostrando cohesi\u00f3n en tiempos de fragmentaci\u00f3n. \u201cNecesitamos 37 votos para frenar el da\u00f1o y lo vamos a lograr. Tierra del Fuego no est\u00e1 sola: la defensa de la industria es una causa nacional, porque defender el trabajo tambi\u00e9n es defender la soberan\u00eda\u201d, expres\u00f3 la legisladora.<\/strong><\/p>\n\n\n\n<p><strong>Fuente: www.eldiariodelfindelmundo.com<\/strong><\/p>\n","protected":false},"excerpt":{"rendered":"<p>El Senado de la Naci\u00f3n fue escenario de una fuerte se\u00f1al pol\u00edtica. Con el respaldo un\u00e1nime de los 34 senadores de Fuerza Patria, la legisladora nacional fueguina Cristina L\u00f3pez present\u00f3 un proyecto de ley que propone derogar los decretos 333 y 334\/2025, firmados por el presidente Javier Milei, que modifican de manera sustancial el r\u00e9gimen [&hellip;]<\/p>\n","protected":false},"author":5,"featured_media":7919,"comment_status":"open","ping_status":"open","sticky":false,"template":"","format":"standard","meta":[],"categories":[11],"tags":[],"_links":{"self":[{"href":"https:\/\/politicapatagonica.com\/index.php\/wp-json\/wp\/v2\/posts\/7918"}],"collection":[{"href":"https:\/\/politicapatagonica.com\/index.php\/wp-json\/wp\/v2\/posts"}],"about":[{"href":"https:\/\/politicapatagonica.com\/index.php\/wp-json\/wp\/v2\/types\/post"}],"author":[{"embeddable":true,"href":"https:\/\/politicapatagonica.com\/index.php\/wp-json\/wp\/v2\/users\/5"}],"replies":[{"embeddable":true,"href":"https:\/\/politicapatagonica.com\/index.php\/wp-json\/wp\/v2\/comments?post=7918"}],"version-history":[{"count":1,"href":"https:\/\/politicapatagonica.com\/index.php\/wp-json\/wp\/v2\/posts\/7918\/revisions"}],"predecessor-version":[{"id":7920,"href":"https:\/\/politicapatagonica.com\/index.php\/wp-json\/wp\/v2\/posts\/7918\/revisions\/7920"}],"wp:featuredmedia":[{"embeddable":true,"href":"https:\/\/politicapatagonica.com\/index.php\/wp-json\/wp\/v2\/media\/7919"}],"wp:attachment":[{"href":"https:\/\/politicapatagonica.com\/index.php\/wp-json\/wp\/v2\/media?parent=7918"}],"wp:term":[{"taxonomy":"category","embeddable":true,"href":"https:\/\/politicapatagonica.com\/index.php\/wp-json\/wp\/v2\/categories?post=7918"},{"taxonomy":"post_tag","embeddable":true,"href":"https:\/\/politicapatagonica.com\/index.php\/wp-json\/wp\/v2\/tags?post=7918"}],"curies":[{"name":"wp","href":"https:\/\/api.w.org\/{rel}","templated":true}]}}