{"id":7905,"date":"2025-10-22T22:09:18","date_gmt":"2025-10-22T22:09:18","guid":{"rendered":"https:\/\/politicapatagonica.com\/?p=7905"},"modified":"2025-10-23T15:52:12","modified_gmt":"2025-10-23T15:52:12","slug":"el-riesgo-de-quedar-fuera-de-la-cancha-figueroa-planteo-los-provincialismos-vs-partidos-tradicionales","status":"publish","type":"post","link":"https:\/\/politicapatagonica.com\/index.php\/2025\/10\/22\/el-riesgo-de-quedar-fuera-de-la-cancha-figueroa-planteo-los-provincialismos-vs-partidos-tradicionales\/","title":{"rendered":"El gobernador de Neuqu\u00e9n plante\u00f3 los provincialismos vs. los partidos tradicionales para estas elecciones legislativas"},"content":{"rendered":"\n<p><strong>El Gobernador Rolando Figueroa expres\u00f3 su convicci\u00f3n<\/strong> de que&nbsp;<strong>partidos tradicionales quedar\u00e1n fuera de la contienda electoral en la provincia<\/strong>, argumentando que la ciudadan\u00eda neuquina ha manifestado su hartazgo con la mera dial\u00e9ctica y est\u00e1 optando por defender activamente el modelo neuquino.<\/p>\n\n\n\n<p>Esta defensa no se limitar\u00eda \u00fanicamente a la gesti\u00f3n provincial, sino que se traducir\u00eda en la elecci\u00f3n de legisladores cuyo&nbsp;<strong>\u00fanico jefe sea el pueblo de Neuqu\u00e9n<\/strong>, a diferencia de aquellos que responden a intereses o mandatos originados en Buenos Aires.<\/p>\n\n\n\n<p><strong>Figueroa destac\u00f3 que en las elecciones previas ya se hab\u00eda reflejado este sentimiento al reunir casi el setenta por ciento de los votos las opciones netamente provincialistas<\/strong>, se\u00f1alando que&nbsp;<strong>esta elecci\u00f3n es crucial para definir el rol de Neuqu\u00e9n<\/strong>&nbsp;en la futura configuraci\u00f3n nacional y la protecci\u00f3n de su identidad y recursos.<\/p>\n\n\n\n<hr class=\"wp-block-separator has-alpha-channel-opacity\"\/>\n\n\n\n<h2>Proyecto provincial y el rol del congreso<\/h2>\n\n\n\n<p><strong>P: \u00bfPor qu\u00e9 decidi\u00f3 involucrarse personalmente en la campa\u00f1a? \u00bfNo teme que su gesti\u00f3n quede atada al resultado electoral?<\/strong><\/p>\n\n\n\n<p>RF: Esta elecci\u00f3n es una etapa m\u00e1s dentro de un proyecto provincial. Tenemos un modelo neuquino que queremos proyectar en el tiempo. Defender Neuqu\u00e9n significa defender nuestra forma de vida, nuestra neuquinidad. Queremos que nuestros legisladores respondan al pueblo neuquino y no a Buenos Aires. Se va a discutir en el congreso la nueva Argentina y Neuqu\u00e9n debe tener un papel preponderante. Queremos estar sentados en la mesa donde se dise\u00f1e la nueva ley de coparticipaci\u00f3n, porque somos una de las provincias m\u00e1s castigadas. De cada cien pesos que aportamos, solo nos vuelven cincuenta y uno. Eso tiene que cambiar.<\/p>\n\n\n\n<p><strong>P: \u00bfQu\u00e9 diferencias marca con los grandes partidos nacionales?<\/strong><\/p>\n\n\n\n<p>R: Mientras ellos miran la pol\u00edtica desde Buenos Aires, nosotros la vivimos desde el territorio. Nuestros candidatos representan la producci\u00f3n, la educaci\u00f3n p\u00fablica, la ciencia y la tecnolog\u00eda. No respondemos a jefes nacionales. Responder al pueblo neuquino es nuestra \u00fanica l\u00ednea de trabajo.<\/p>\n\n\n\n<hr class=\"wp-block-separator has-alpha-channel-opacity\"\/>\n\n\n\n<h3><strong>Acuerdos nacionales y protagonismo provincial<\/strong><\/h3>\n\n\n\n<p><strong>P: \u00bfFigueroa y Milei son lo mismo dice la oposici\u00f3n porque apoy\u00f3 la Ley Bases?<\/strong><\/p>\n\n\n\n<p>RF: El primer env\u00edo del Poder Ejecutivo fue en art\u00edculo doce que el gas y el petr\u00f3leo pasaban a ser de la Naci\u00f3n. Inmediatamente comenzamos a trabajar y lo modificamos. Nosotros nos comprometimos en la Ley de Hidrocarburos, m\u00e1s all\u00e1 de una ley, porque a veces se tiene una mirada tan sesgada que muchas veces lo que da, no la mirada corta para todos los temas. Ac\u00e1 nosotros tenemos otro modelo de Estado. Nosotros pensamos muy diferente. Pensamos en un Estado en el cual debe estar ordenado, pero debe redistribuir y debe ser un Estado presente.<\/p>\n\n\n\n<p><strong>P: \u00bfQu\u00e9 quiso decir cuando dijo que algunos partidos \u201cvan a mirar el partido desde la tribuna\u201d. \u00bfA qu\u00e9 se refer\u00eda?<\/strong><\/p>\n\n\n\n<p>RF: A que los partidos tradicionales no van a entrar a la cancha. Lo dije y lo repito: se van a quedar afuera. La gente se cans\u00f3 de la dial\u00e9ctica vac\u00eda, de los discursos sin hechos. En esta elecci\u00f3n, los neuquinos van a defender el modelo propio que hemos construido entre todos. Nosotros estamos jugando el partido y lo estamos haciendo con protagonismo, defendiendo la camiseta de Neuqu\u00e9n.<\/p>\n\n\n\n<hr class=\"wp-block-separator has-alpha-channel-opacity\"\/>\n\n\n\n<h2>\u00bfM\u00e1s regal\u00edas o mejor adminitraci\u00f3n?<\/h2>\n\n\n\n<p><strong>P: \u00bfAtribuye esa ventaja al peso de las regal\u00edas o a una mejor administraci\u00f3n?<\/strong><\/p>\n\n\n\n<p>RF: Hoy recibimos menos regal\u00edas en t\u00e9rminos reales que en a\u00f1os anteriores. Lo que hicimos fue optimizar la gesti\u00f3n: reducir la planta pol\u00edtica, eliminar gastos superfluos, focalizar la inversi\u00f3n en obras, educaci\u00f3n y salud. Gobernar bien no depende solo de los recursos, sino de c\u00f3mo se los administra.<\/p>\n\n\n\n<p><strong>P: \u00bfPor qu\u00e9 considera que las fuerzas nacionales pierden terreno en Neuqu\u00e9n?<\/strong><\/p>\n\n\n\n<p>RF: Porque la gente aprendi\u00f3 a distinguir entre los que defienden a la provincia y los que obedecen a otros intereses. Los neuquinos saben que no pueden confiar en quienes tienen sus jefes pol\u00edticos en Buenos Aires. Por eso, cuando hablo de que algunos van a mirar el partido desde la tribuna, es literal: no van a conseguir ni una entrada para entrar a la cancha.<\/p>\n\n\n\n<hr class=\"wp-block-separator has-alpha-channel-opacity\"\/>\n\n\n\n<h3><strong>Acuerdos con la provincia de R\u00edo Negro<\/strong><\/h3>\n\n\n\n<p><strong>P: \u00bfQu\u00e9 espera del v\u00ednculo con R\u00edo Negro en este nuevo escenario?<\/strong><\/p>\n\n\n\n<p>RF: R\u00edo Negro y Neuqu\u00e9n tienen un destino com\u00fan. Ya estamos trabajando en una agenda conjunta con el gobernador Alberto Weretilneck para fortalecer la defensa regional en el Congreso. La alianza econ\u00f3mica y pol\u00edtica entre ambas provincias ser\u00e1 clave en la Argentina que viene.<\/p>\n\n\n\n<p><strong>P: \u00bfCu\u00e1l es su visi\u00f3n en torno a este alineamiento de Milei con Estados Unidos y las consecuencias inmediatas que tienen que ver con la elecci\u00f3n?<\/strong><\/p>\n\n\n\n<p>RF: Hay una gran diferencia con nuestra mirada. El Presidente le toca gobernar el pa\u00eds y tomar\u00e1 decisiones en base a eso. Yo no trabaj\u00e9 por este Presidente, ni lo vot\u00e9. Y tengo un modelo de Estado diferente y un modelo de gobernanza quiz\u00e1 en muchas cosas diferente. Yo soy muy austero y me gusta un Estado ordenado. Pero un Estado ordenado no por decir s\u00ed en s\u00ed mismo est\u00e1 ordenado, sino para poder redistribuir esos fondos y para generar en esa redistribuci\u00f3n tambi\u00e9n que genere movilidad social.<\/p>\n\n\n\n<hr class=\"wp-block-separator has-alpha-channel-opacity\"\/>\n\n\n\n<h3>&#8220;Los grandes partidos ya tuvieron su tiempo&#8221;<\/h3>\n\n\n\n<p><strong>P: \u00bfQu\u00e9 mensaje le deja al electorado antes del domingo?<\/strong><\/p>\n\n\n\n<p>RF: Que defienda lo que es suyo. Neuqu\u00e9n crece porque trabaja, porque cree en s\u00ed mismo. Y este domingo tiene la oportunidad de consolidar esa identidad. Los grandes partidos tuvieron su tiempo; ahora es el turno de las provincias que producen y saben gobernar.<\/p>\n\n\n\n<hr class=\"wp-block-separator has-alpha-channel-opacity\"\/>\n\n\n\n<h2>Dice que baj\u00f3 la pobreza y la indigencia<\/h2>\n\n\n\n<p><strong>El gobernador de Neuqu\u00e9n, Rolando Figueroa, afirm\u00f3 que la provincia atraviesa una etapa de crecimiento sostenido sustentada en un modelo de Estado presente y eficiente, con fuerte presencia territorial y planificaci\u00f3n estrat\u00e9gica.<\/strong><\/p>\n\n\n\n<p>Sostuvo que la gesti\u00f3n neuquina se distingue por la reducci\u00f3n de la pobreza y la indigencia, y por haber alcanzado los mayores \u00edndices de generaci\u00f3n de empleo privado y empleabilidad del pa\u00eds, aun en un contexto nacional adverso.<\/p>\n\n\n\n<p><strong>Figueroa destac\u00f3 adem\u00e1s que la administraci\u00f3n provincial redujo significativamente su deuda externa y p\u00fablica, y que este a\u00f1o batir\u00e1 el r\u00e9cord hist\u00f3rico de obra p\u00fablica en Neuqu\u00e9n.<\/strong><\/p>\n\n\n\n<p>Atribuy\u00f3 estos resultados a un esquema de gesti\u00f3n que combina orden fiscal con inversi\u00f3n social y productiva.<\/p>\n\n\n\n<p><strong>\u201cMuchos no comprenden c\u00f3mo este Neuqu\u00e9n crece de manera diferente\u201d, expres\u00f3, al sostener que los logros actuales reflejan una pol\u00edtica sostenida en la eficiencia del Estado y en la defensa de un modelo de desarrollo propio.<\/strong><\/p>\n\n\n\n<p><strong>Fuente: www.rionegro.com.ar<\/strong><\/p>\n","protected":false},"excerpt":{"rendered":"<p>El Gobernador Rolando Figueroa expres\u00f3 su convicci\u00f3n de que&nbsp;partidos tradicionales quedar\u00e1n fuera de la contienda electoral en la provincia, argumentando que la ciudadan\u00eda neuquina ha manifestado su hartazgo con la mera dial\u00e9ctica y est\u00e1 optando por defender activamente el modelo neuquino. Esta defensa no se limitar\u00eda \u00fanicamente a la gesti\u00f3n provincial, sino que se traducir\u00eda [&hellip;]<\/p>\n","protected":false},"author":5,"featured_media":7906,"comment_status":"open","ping_status":"open","sticky":false,"template":"","format":"standard","meta":[],"categories":[9],"tags":[],"_links":{"self":[{"href":"https:\/\/politicapatagonica.com\/index.php\/wp-json\/wp\/v2\/posts\/7905"}],"collection":[{"href":"https:\/\/politicapatagonica.com\/index.php\/wp-json\/wp\/v2\/posts"}],"about":[{"href":"https:\/\/politicapatagonica.com\/index.php\/wp-json\/wp\/v2\/types\/post"}],"author":[{"embeddable":true,"href":"https:\/\/politicapatagonica.com\/index.php\/wp-json\/wp\/v2\/users\/5"}],"replies":[{"embeddable":true,"href":"https:\/\/politicapatagonica.com\/index.php\/wp-json\/wp\/v2\/comments?post=7905"}],"version-history":[{"count":4,"href":"https:\/\/politicapatagonica.com\/index.php\/wp-json\/wp\/v2\/posts\/7905\/revisions"}],"predecessor-version":[{"id":7914,"href":"https:\/\/politicapatagonica.com\/index.php\/wp-json\/wp\/v2\/posts\/7905\/revisions\/7914"}],"wp:featuredmedia":[{"embeddable":true,"href":"https:\/\/politicapatagonica.com\/index.php\/wp-json\/wp\/v2\/media\/7906"}],"wp:attachment":[{"href":"https:\/\/politicapatagonica.com\/index.php\/wp-json\/wp\/v2\/media?parent=7905"}],"wp:term":[{"taxonomy":"category","embeddable":true,"href":"https:\/\/politicapatagonica.com\/index.php\/wp-json\/wp\/v2\/categories?post=7905"},{"taxonomy":"post_tag","embeddable":true,"href":"https:\/\/politicapatagonica.com\/index.php\/wp-json\/wp\/v2\/tags?post=7905"}],"curies":[{"name":"wp","href":"https:\/\/api.w.org\/{rel}","templated":true}]}}