{"id":7902,"date":"2025-10-22T22:04:38","date_gmt":"2025-10-22T22:04:38","guid":{"rendered":"https:\/\/politicapatagonica.com\/?p=7902"},"modified":"2025-10-23T15:48:08","modified_gmt":"2025-10-23T15:48:08","slug":"di-napoli-llama-a-votar-en-defensa-propia-en-la-pampa","status":"publish","type":"post","link":"https:\/\/politicapatagonica.com\/index.php\/2025\/10\/22\/di-napoli-llama-a-votar-en-defensa-propia-en-la-pampa\/","title":{"rendered":"El intendente Di N\u00e1poli llama a votar &#8220;en defensa propia&#8221; en La Pampa"},"content":{"rendered":"\n<p>El intendente<strong>&nbsp;Luciano Di N\u00e1poli&nbsp;<\/strong>inst\u00f3 a los pampeanos y pampeanas a cuidar lo que consideran logros fundamentales de la provincia, en un mensaje publicado en su cuenta de Twitter.&nbsp;<strong>El jefe comunal subi\u00f3 el tono a su acompa\u00f1amiento en la campa\u00f1a electoral de los candidatos de Defendemos La Pampa en la recta final.<\/strong><\/p>\n\n\n\n<p><strong>&#8220;Cada d\u00eda, las pampeanas y los pampeanos defendemos lo nuestro. Defendemos el trabajo, la educaci\u00f3n, la salud p\u00fablica y la justicia social que tanto nos cost\u00f3 construir&#8221;, sostuvo Di N\u00e1poli.<\/strong><\/p>\n\n\n\n<p>El candidato se\u00f1al\u00f3 adem\u00e1s que<strong>&nbsp;hay quienes intentan transmitir la idea de que &#8220;cada uno se salva solo, que el Estado estorba y que la solidaridad es un gasto&#8221;, aunque asegur\u00f3 que en La Pampa &#8220;sabemos que no es as\u00ed&#8221;.<\/strong><\/p>\n\n\n\n<p>En ese marco, convoc\u00f3 a la ciudadan\u00eda a participar de las elecciones del 26 de octubre: &#8220;<strong>Cuando nos tocan lo que m\u00e1s queremos, nos defendemos. El 26 de octubre, votamos en defensa propia. Por nuestro futuro, por el de nuestras hijas e hijos, por todo lo que somos&#8221;,<\/strong>&nbsp;concluy\u00f3.<\/p>\n\n\n\n<p><strong>Fuente: www.eldiariodelapampa.com.ar<\/strong><\/p>\n","protected":false},"excerpt":{"rendered":"<p>El intendente&nbsp;Luciano Di N\u00e1poli&nbsp;inst\u00f3 a los pampeanos y pampeanas a cuidar lo que consideran logros fundamentales de la provincia, en un mensaje publicado en su cuenta de Twitter.&nbsp;El jefe comunal subi\u00f3 el tono a su acompa\u00f1amiento en la campa\u00f1a electoral de los candidatos de Defendemos La Pampa en la recta final. &#8220;Cada d\u00eda, las pampeanas [&hellip;]<\/p>\n","protected":false},"author":5,"featured_media":7903,"comment_status":"open","ping_status":"open","sticky":false,"template":"","format":"standard","meta":[],"categories":[10],"tags":[],"_links":{"self":[{"href":"https:\/\/politicapatagonica.com\/index.php\/wp-json\/wp\/v2\/posts\/7902"}],"collection":[{"href":"https:\/\/politicapatagonica.com\/index.php\/wp-json\/wp\/v2\/posts"}],"about":[{"href":"https:\/\/politicapatagonica.com\/index.php\/wp-json\/wp\/v2\/types\/post"}],"author":[{"embeddable":true,"href":"https:\/\/politicapatagonica.com\/index.php\/wp-json\/wp\/v2\/users\/5"}],"replies":[{"embeddable":true,"href":"https:\/\/politicapatagonica.com\/index.php\/wp-json\/wp\/v2\/comments?post=7902"}],"version-history":[{"count":2,"href":"https:\/\/politicapatagonica.com\/index.php\/wp-json\/wp\/v2\/posts\/7902\/revisions"}],"predecessor-version":[{"id":7911,"href":"https:\/\/politicapatagonica.com\/index.php\/wp-json\/wp\/v2\/posts\/7902\/revisions\/7911"}],"wp:featuredmedia":[{"embeddable":true,"href":"https:\/\/politicapatagonica.com\/index.php\/wp-json\/wp\/v2\/media\/7903"}],"wp:attachment":[{"href":"https:\/\/politicapatagonica.com\/index.php\/wp-json\/wp\/v2\/media?parent=7902"}],"wp:term":[{"taxonomy":"category","embeddable":true,"href":"https:\/\/politicapatagonica.com\/index.php\/wp-json\/wp\/v2\/categories?post=7902"},{"taxonomy":"post_tag","embeddable":true,"href":"https:\/\/politicapatagonica.com\/index.php\/wp-json\/wp\/v2\/tags?post=7902"}],"curies":[{"name":"wp","href":"https:\/\/api.w.org\/{rel}","templated":true}]}}