{"id":7896,"date":"2025-10-21T22:26:57","date_gmt":"2025-10-21T22:26:57","guid":{"rendered":"https:\/\/politicapatagonica.com\/?p=7896"},"modified":"2025-10-22T19:43:44","modified_gmt":"2025-10-22T19:43:44","slug":"en-ramon-santos-vidal-acompano-la-llegada-de-maquinaria-esencial-para-la-nueva-etapa-en-la-produccion-provincial","status":"publish","type":"post","link":"https:\/\/politicapatagonica.com\/index.php\/2025\/10\/21\/en-ramon-santos-vidal-acompano-la-llegada-de-maquinaria-esencial-para-la-nueva-etapa-en-la-produccion-provincial\/","title":{"rendered":"Santa Cruz recibi\u00f3 maquinarias e insumos para avanzar con proyectos productivos de la provincia"},"content":{"rendered":"\n<p><strong>El gobernador Claudio Vidal manifest\u00f3 su agradecimiento a los intendentes de las localidades de Caleta Olivia, Las Heras y Pico Truncado, Pablo Carrizo, Antonio Carambia y Pablo Anabal\u00f3n, respectivamente. Asimismo, hizo lo propio con los presidentes de la Administraci\u00f3n General de Vialidad Provincial, Julio Bujer, y de Santa Cruz Puede S.A.U., Gustavo S\u00edvori.<\/strong><\/p>\n\n\n\n<p>Por otra parte, destac\u00f3 que recibi\u00f3 una parte de la planta de asfalto que es una tolva y toda la parte de ca\u00f1er\u00eda. <strong>\u201cEl primer trabajo que va a tener a su cargo Vialidad Provincial, es empezar a reparar la Ruta Complementaria N\u00b0 20.<\/strong> Escuchamos a los vecinos en un momento complejo y dif\u00edcil y vamos a hacer todo lo que podamos con esta m\u00e1quina que es clave. La idea es reparar tambi\u00e9n otras rutas en la medida que tengamos el recurso\u201d, resalt\u00f3 el mandatario santacruce\u00f1o.<\/p>\n\n\n\n<p>Mas adelante, indic\u00f3 que<strong> \u201cno es f\u00e1cil asfaltar o reasfaltar una ruta hablando en termino de n\u00fameros, pero cuando hay una decisi\u00f3n pol\u00edtica, buenas intenciones y un equipo predispuesto a trabajar en beneficio de la comunidad, los resultados son positivos y todo se hace posible\u201d.<\/strong><\/p>\n\n\n\n<p>En ese contexto<strong>, el Gobernador se\u00f1al\u00f3 que adem\u00e1s de la planta de asfalto, lleg\u00f3 una planta de alimento balanceado. \u201cEsta es una maquinaria que anunciamos hace meses y que fue construida en Rafaela, provincia de Santa Fe.<\/strong> Hoy lo importante es que la misma ya fue terminada y ser\u00e1 trasladada a la ciudad de R\u00edo Gallegos donde ser\u00e1 instalada\u201d, explic\u00f3.<\/p>\n\n\n\n<p><strong>\u201cHace unos d\u00edas lleg\u00f3 a la provincia tambi\u00e9n una planta de pellets de alfalfa&nbsp; y que ya fue trasladada al galp\u00f3n del Consejo Agrario Provincial en la localidad de Los Antiguos, y en esta jornada recibimos dos plantas de pellets m\u00e1s,<\/strong> una est\u00e1 destinada a Gobernador Gregores y la otra es para la Cuenca Carbon\u00edfera\u201d, acot\u00f3<\/p>\n\n\n\n<p>En relaci\u00f3n a la llegada de este tipo de maquinaria,<strong> Vidal dijo que siempre es importante tener en cuenta los proyectos productivos y el trabajo, entendiendo que la \u00fanica forma de revertir la situaci\u00f3n econ\u00f3mica de la provincia es por esas v\u00edas.<\/strong> \u201cEsto es lo que predicamos hace muchos a\u00f1os y hoy que estamos en el gobierno, m\u00e1s all\u00e1 de la dif\u00edcil situaci\u00f3n econ\u00f3mica, es relevante seguir avanzando en este camino\u201d, a\u00f1adi\u00f3.<\/p>\n\n\n\n<p>\u201cAyer miraba con preocupaci\u00f3n que la provincia de Santa Cruz es la que mayor cantidad de empleo p\u00fablico tiene, seg\u00fan datos a nivel nacional. Es cierto, y esto hace que todo lo que llega <strong>en materia de ingreso sea casi todo destinado a salarios<\/strong>. Por lo tanto, insisto que hay que seguir apostando a la producci\u00f3n\u201d, consider\u00f3<strong>. A la vez, recalc\u00f3 que \u201cno hay otra forma de salir adelante si no es con trabajo\u201d.<\/strong><\/p>\n\n\n\n<p><strong>Fuente: noticias.santacruz.gob.ar<\/strong><\/p>\n","protected":false},"excerpt":{"rendered":"<p>El gobernador Claudio Vidal manifest\u00f3 su agradecimiento a los intendentes de las localidades de Caleta Olivia, Las Heras y Pico Truncado, Pablo Carrizo, Antonio Carambia y Pablo Anabal\u00f3n, respectivamente. Asimismo, hizo lo propio con los presidentes de la Administraci\u00f3n General de Vialidad Provincial, Julio Bujer, y de Santa Cruz Puede S.A.U., Gustavo S\u00edvori. Por otra [&hellip;]<\/p>\n","protected":false},"author":5,"featured_media":7897,"comment_status":"open","ping_status":"open","sticky":false,"template":"","format":"standard","meta":[],"categories":[8],"tags":[],"_links":{"self":[{"href":"https:\/\/politicapatagonica.com\/index.php\/wp-json\/wp\/v2\/posts\/7896"}],"collection":[{"href":"https:\/\/politicapatagonica.com\/index.php\/wp-json\/wp\/v2\/posts"}],"about":[{"href":"https:\/\/politicapatagonica.com\/index.php\/wp-json\/wp\/v2\/types\/post"}],"author":[{"embeddable":true,"href":"https:\/\/politicapatagonica.com\/index.php\/wp-json\/wp\/v2\/users\/5"}],"replies":[{"embeddable":true,"href":"https:\/\/politicapatagonica.com\/index.php\/wp-json\/wp\/v2\/comments?post=7896"}],"version-history":[{"count":2,"href":"https:\/\/politicapatagonica.com\/index.php\/wp-json\/wp\/v2\/posts\/7896\/revisions"}],"predecessor-version":[{"id":7901,"href":"https:\/\/politicapatagonica.com\/index.php\/wp-json\/wp\/v2\/posts\/7896\/revisions\/7901"}],"wp:featuredmedia":[{"embeddable":true,"href":"https:\/\/politicapatagonica.com\/index.php\/wp-json\/wp\/v2\/media\/7897"}],"wp:attachment":[{"href":"https:\/\/politicapatagonica.com\/index.php\/wp-json\/wp\/v2\/media?parent=7896"}],"wp:term":[{"taxonomy":"category","embeddable":true,"href":"https:\/\/politicapatagonica.com\/index.php\/wp-json\/wp\/v2\/categories?post=7896"},{"taxonomy":"post_tag","embeddable":true,"href":"https:\/\/politicapatagonica.com\/index.php\/wp-json\/wp\/v2\/tags?post=7896"}],"curies":[{"name":"wp","href":"https:\/\/api.w.org\/{rel}","templated":true}]}}