{"id":7893,"date":"2025-10-21T22:20:35","date_gmt":"2025-10-21T22:20:35","guid":{"rendered":"https:\/\/politicapatagonica.com\/?p=7893"},"modified":"2025-10-22T19:37:01","modified_gmt":"2025-10-22T19:37:01","slug":"torres-presento-la-finalizacion-de-la-interconexion-del-gasoducto-cordillerano","status":"publish","type":"post","link":"https:\/\/politicapatagonica.com\/index.php\/2025\/10\/21\/torres-presento-la-finalizacion-de-la-interconexion-del-gasoducto-cordillerano\/","title":{"rendered":"Torres present\u00f3 la finalizaci\u00f3n de la interconexi\u00f3n del Gasoducto Cordillerano"},"content":{"rendered":"\n<p><strong>El gobernador del Chubut, Ignacio &#8220;Nacho&#8221; Torres, encabez\u00f3 este martes por la tarde la presentaci\u00f3n de la obra de ampliaci\u00f3n del Gasoducto Cordillerano Patag\u00f3nico, que implica la instalaci\u00f3n de dos nuevas plantas compresoras en las localidades de Alto R\u00edo Senguer y Gobernador Costa; y de una nueva planta en la localidad de Holdich, a partir de las gestiones impulsadas por el mandatario junto a sus pares de Neuqu\u00e9n, Rolando Figueroa, y de R\u00edo Negro, Alberto Weretilneck, fomentando el desarrollo regional.<\/strong><\/p>\n\n\n\n<p>El proyecto, que demand\u00f3 una inversi\u00f3n total de <strong>50.600 millones <\/strong>de pesos entre las tres provincias, incluy\u00f3 la obra de interconexi\u00f3n entre el Gasoducto Patag\u00f3nico Cordillerano y el Gasoducto General San Mart\u00edn, postergada durante dos d\u00e9cadas y finalmente concretada.<\/p>\n\n\n\n<p>Dicha obra brindar\u00e1 <strong>una soluci\u00f3n definitiva a la problem\u00e1tica de las factibilidades en la regi\u00f3n, aportando confiabilidad al sistema y garantizando el abastecimiento de gas natural, permitiendo a su vez la incorporaci\u00f3n de 12 mil nuevos usuarios de Chubut, Neuqu\u00e9n y R\u00edo Negro, luego de la suspensi\u00f3n en la entrega de nuevas conexiones desde 2022.<\/strong><\/p>\n\n\n\n<p>El acto se llev\u00f3 a cabo en las instalaciones de la planta compresora ubicada en Gobernador Costa, y acompa\u00f1aron al mandatario el vicegobernador Gustavo Menna; la diputada nacional Ana Clara Romero; el gobernador R\u00edo Negro, Alberto Weretilneck, quien particip\u00f3 a trav\u00e9s de conexi\u00f3n por videollamada; el presidente de Camuzzi, Jaime Barba; el intendente local, Miguel G\u00f3mez; y sus pares de R\u00edo Pico, Jos\u00e9 de San Mart\u00edn; Cholila; Alto R\u00edo Senguer; Sarmiento; El Hoyo y Tecka; funcionarios del Gabinete y autoridades provinciales.<\/p>\n\n\n\n<p><strong>&#8220;La Patagonia es el motor energ\u00e9tico del pa\u00eds&#8221;<\/strong><\/p>\n\n\n\n<p>Torres destac\u00f3 que la obra &#8220;es un logro muy importante para todos nosotros y una obra fundamental para la Patagonia&#8221;, se\u00f1alando que las provincias de Chubut, Neuqu\u00e9n y R\u00edo Negro &#8220;no solo tienen super\u00e1vit energ\u00e9tico, sino que, adem\u00e1s, son el motor energ\u00e9tico de la Argentina&#8221;.<\/p>\n\n\n\n<p><strong>&#8220;El pa\u00eds se calefacciona gracias a la energ\u00eda que generamos en la Patagonia, por eso nos pregunt\u00e1bamos c\u00f3mo pod\u00eda ser que tuvi\u00e9ramos pueblos sin acceso a algo tan b\u00e1sico e indispensable como lo es el gas&#8221;, plante\u00f3 el mandatario, resaltando el rol &#8220;de todos los intendentes de la zona, que saben muy bien y de primera mano lo que implicaba esta problem\u00e1tica, que muchas veces dej\u00f3 a chicos sin clases por falta de presi\u00f3n de gas y que tambi\u00e9n imped\u00eda otorgar factibilidad t\u00e9cnica a viviendas por el mismo motivo&#8221;.<\/strong><\/p>\n\n\n\n<p><strong>&#8220;Lo importante es haber podido trabajar en conjunto y concretar estas obras que parec\u00edan imposibles, lo que hoy nos permite decirle a los pueblos de Chubut, R\u00edo Negro y Neuqu\u00e9n, que este es el \u00faltimo invierno sin factibilidad para acceso al gas&#8221;, expres\u00f3 el titular del Ejecutivo, anticipando que &#8220;m\u00e1s de 12 mil familias van a ser beneficiadas por esta obra tan importante&#8221;.<\/strong><\/p>\n\n\n\n<p><strong>Responsabilidad, austeridad y obras que comienzan y terminan<\/strong><\/p>\n\n\n\n<p>Por otro lado, Torres record\u00f3 que &#8220;esta obra la empezamos a gestionar desde el Congreso, y es fundamental que nuestros representantes legislativos tengan como prioridad absoluta, defender los intereses de las provincias que hoy nos estamos haciendo cargo, incluso de lo que le corresponde a la Naci\u00f3n&#8221; y resalt\u00f3 la labor de los diputados nacionales &#8220;que representan a nuestras provincias y que han sido un brazo fundamental para lograr lo que hoy estamos logrando en conjunto, hermanados entre Chubut, R\u00edo Negro y Neuqu\u00e9n; pero, por sobre todo, demostrando que cuando los patag\u00f3nicos trabajamos espalda con espalda, podemos demostrarle a la Argentina que las cosas suceden&#8221;.<\/p>\n\n\n\n<p>&#8220;Con responsabilidad, austeridad y, sobre todo, con convicci\u00f3n, esta obra, de m\u00e1s de 50 mil millones de pesos, va a finalizar antes del pr\u00f3ximo invierno&#8221;, asegur\u00f3 el Gobernador, puntualizando que &#8220;la etapa m\u00e1s importante ya se logr\u00f3, que es la conexi\u00f3n del Gasoducto Patag\u00f3nico Cordillerano con el Gasoducto General San Mart\u00edn y que nos va a permitir garantizar que el invierno que viene, ninguna de las familias que padecen la falta de gas, tengan que volver a atravesar por lo mismo&#8221;.<\/p>\n\n\n\n<p><strong>Una obra necesaria para la regi\u00f3n<\/strong><\/p>\n\n\n\n<p>El gobernador de R\u00edo Negro, Alberto Weretilneck, expres\u00f3 que &#8220;esta es una alegr\u00eda enorme y un logro de &#8216;Nacho&#8217; como el principal art\u00edfice de esta obra, que para nuestra provincia y para la regi\u00f3n es sumamente importante&#8221; y mencion\u00f3 que &#8220;esta es una muestra m\u00e1s de lo que podemos hacer los patag\u00f3nicos cuando estamos unidos&#8221;.<\/p>\n\n\n\n<p>&#8220;La Patagonia produce el 98% del gas del pa\u00eds, el 96% del petr\u00f3leo, el 60% de la energ\u00eda e\u00f3lica y el 20% de la energ\u00eda hidr\u00e1ulica, por eso merecemos que nuestros pueblos tengan los servicios que necesitan&#8221;, se\u00f1al\u00f3.<\/p>\n\n\n\n<p>El intendente de Gobernador Costa, <strong>Miguel G\u00f3mez, agradeci\u00f3 &#8220;el compromiso que tom\u00f3 nuestro Gobernador, incluso desde hace tiempo, cuando era senador, impulsando una obra que hoy es una realidad<\/strong>&#8221; y manifest\u00f3 que &#8220;este es el \u00faltimo invierno que vamos a atravesar sin haber tenido factibilidad de gas&#8221;.<\/p>\n\n\n\n<p>Por su parte, el presidente de Camuzzi Gas del Sur S.A.,<strong> Jaime Barba, sostuvo que &#8220;es un orgullo poder inaugurar esta obra tan necesaria para toda la regi\u00f3n cordillerana<\/strong>&#8221; y detall\u00f3 que el proyecto &#8220;tiene cuatro frentes de trabajo: el primero, que ya est\u00e1 concluido, es un gasoducto de 5 kil\u00f3metros y medio que ya est\u00e1 en funcionamiento; y los otros tres brindar\u00e1n una soluci\u00f3n definitiva a los actuales y futuros usuarios del sistema&#8221;.<\/p>\n\n\n\n<p><strong>Detalles de las obras<\/strong><\/p>\n\n\n\n<p>El proyecto, que demand\u00f3 una<strong> inversi\u00f3n de m\u00e1s de 50 mil millones de pesos entre las tres provincias contempla, por un lado, la interconexi\u00f3n del Gasoducto Patag\u00f3nico Cordillerano con el Gasoducto General San Mart\u00edn<\/strong>, lo que permitir\u00e1 reforzar el suministro y diversificar las fuentes de inyecci\u00f3n de gas. Dicha obra, que deb\u00eda haberse realizado en el a\u00f1o 2007, fue finalmente ejecutada tras las gestiones del titular del Ejecutivo, 18 a\u00f1os despu\u00e9s, y se encuentra en un 100 por ciento finalizada.<\/p>\n\n\n\n<p>En segundo lugar, la iniciativa prev\u00e9 la construcci\u00f3n de una nueva planta compresora en Alto R\u00edo Senguer, as\u00ed como al montaje de un nuevo equipo en la planta existente de Gobernador Costa, obras que fueron reactivadas con la firma del acuerdo en la Casa de Gobierno del Chubut, en la localidad de Rawson, el pasado mes de julio; en esta ocasi\u00f3n, la fecha prevista para la finalizaci\u00f3n de la obra era el a\u00f1o 2017, pero la misma fue paralizada y finalizada ocho a\u00f1os despu\u00e9s. <strong>Dicha obra fue financiada por el Banco del Chubut y el Banco de la Provincia de Neuqu\u00e9n, por un monto de $24.800 millones que ha sido garantizado por Camuzzi Gas del Sur S.A., <\/strong>que ejecutar\u00e1 la obra; en tanto que la interconexi\u00f3n con el Gasoducto General San Mart\u00edn y la construcci\u00f3n de la nueva Planta Compresora Holdich contemplan una inversi\u00f3n por parte de la licenciataria, de $25.812 millones adicionales.<\/p>\n\n\n\n<p>En tercer orden, el proyecto implica la instalaci\u00f3n de una tercera planta compresora en la localidad de Holdich, departamento de Escalante, que complementar\u00e1 las de Gobernador Costa y Alto R\u00edo Senguer, mejorando la presi\u00f3n y el caudal operativo; dicha obra ya fue adjudicada y ya inici\u00f3 su construcci\u00f3n.<\/p>\n\n\n\n<p><strong>Fuente: www.elchubut.com.ar<\/strong><\/p>\n","protected":false},"excerpt":{"rendered":"<p>El gobernador del Chubut, Ignacio &#8220;Nacho&#8221; Torres, encabez\u00f3 este martes por la tarde la presentaci\u00f3n de la obra de ampliaci\u00f3n del Gasoducto Cordillerano Patag\u00f3nico, que implica la instalaci\u00f3n de dos nuevas plantas compresoras en las localidades de Alto R\u00edo Senguer y Gobernador Costa; y de una nueva planta en la localidad de Holdich, a partir [&hellip;]<\/p>\n","protected":false},"author":5,"featured_media":7894,"comment_status":"open","ping_status":"open","sticky":false,"template":"","format":"standard","meta":[],"categories":[14],"tags":[],"_links":{"self":[{"href":"https:\/\/politicapatagonica.com\/index.php\/wp-json\/wp\/v2\/posts\/7893"}],"collection":[{"href":"https:\/\/politicapatagonica.com\/index.php\/wp-json\/wp\/v2\/posts"}],"about":[{"href":"https:\/\/politicapatagonica.com\/index.php\/wp-json\/wp\/v2\/types\/post"}],"author":[{"embeddable":true,"href":"https:\/\/politicapatagonica.com\/index.php\/wp-json\/wp\/v2\/users\/5"}],"replies":[{"embeddable":true,"href":"https:\/\/politicapatagonica.com\/index.php\/wp-json\/wp\/v2\/comments?post=7893"}],"version-history":[{"count":1,"href":"https:\/\/politicapatagonica.com\/index.php\/wp-json\/wp\/v2\/posts\/7893\/revisions"}],"predecessor-version":[{"id":7895,"href":"https:\/\/politicapatagonica.com\/index.php\/wp-json\/wp\/v2\/posts\/7893\/revisions\/7895"}],"wp:featuredmedia":[{"embeddable":true,"href":"https:\/\/politicapatagonica.com\/index.php\/wp-json\/wp\/v2\/media\/7894"}],"wp:attachment":[{"href":"https:\/\/politicapatagonica.com\/index.php\/wp-json\/wp\/v2\/media?parent=7893"}],"wp:term":[{"taxonomy":"category","embeddable":true,"href":"https:\/\/politicapatagonica.com\/index.php\/wp-json\/wp\/v2\/categories?post=7893"},{"taxonomy":"post_tag","embeddable":true,"href":"https:\/\/politicapatagonica.com\/index.php\/wp-json\/wp\/v2\/tags?post=7893"}],"curies":[{"name":"wp","href":"https:\/\/api.w.org\/{rel}","templated":true}]}}