{"id":7882,"date":"2025-10-20T23:10:06","date_gmt":"2025-10-20T23:10:06","guid":{"rendered":"https:\/\/politicapatagonica.com\/?p=7882"},"modified":"2025-10-20T23:10:07","modified_gmt":"2025-10-20T23:10:07","slug":"sin-acto-en-el-ruca-che-la-neuquinidad-cierra-su-campana-con-una-recorrida-decididamente-inusual","status":"publish","type":"post","link":"https:\/\/politicapatagonica.com\/index.php\/2025\/10\/20\/sin-acto-en-el-ruca-che-la-neuquinidad-cierra-su-campana-con-una-recorrida-decididamente-inusual\/","title":{"rendered":"Sin acto en el Ruca Che, La Neuquinidad cierra su campa\u00f1a con una recorrida &#8220;decididamente inusual&#8221;"},"content":{"rendered":"\n<p>A menos de una semana para las\u00a0elecciones legislativas del 26 de octubre, La Neuquinidad, el frente de partidos del gobernador\u00a0<strong>Rolando Figueroa<\/strong>, har\u00e1 una recorrida este lunes\u00a0<strong>a la que se calific\u00f3 como &#8220;inusual&#8221;\u00a0<\/strong>y que se replicar\u00e1 en cada &#8220;pueblo, ciudad, paraje y localidad&#8221; de la provincia.<\/p>\n\n\n\n<p>La actividad ser\u00e1 una suerte de cierre de campa\u00f1a para el espacio oficialista, que ten\u00eda previsto finalizar su gira proselitista con un acto en el estadio Ruca Che de la capital provincial, actividad que finalmente se resolvi\u00f3 suspender por el crimen de\u00a0<strong>Azul Seme\u00f1enko<\/strong>.<\/p>\n\n\n\n<p>Seg\u00fan se inform\u00f3 en un comunicado,\u00a0<strong>la actividad se caracterizar\u00e1 por ser &#8220;decididamente inusual<\/strong>&#8220;, ya que los grandes protagonistas no ser\u00e1n los candidatos, sino los vecinos y vecinas de cada una de las regiones de la provincia de Neuqu\u00e9n.<\/p>\n\n\n\n<p>Indicaron que se desarrollar\u00e1 en cada pueblo, ciudad, paraje y localidad de la provincia desde las 17 de este lunes.<\/p>\n\n\n\n<h2>La recorrida &#8220;decididamente inusual&#8221; de La Neuquinidad: en grupos y sin puntos de salida<\/h2>\n\n\n\n<hr class=\"wp-block-separator has-alpha-channel-opacity\"\/>\n\n\n\n<p><strong>En forma simult\u00e1nea, los distintos grupos convocados por el oficialismo saldr\u00e1n a recorrer las calles y a charlar con los vecinos sobre la boleta \u00fanica de papel, los centros de votaci\u00f3n y la necesidad de la que provincia tenga representaci\u00f3n aut\u00e9nticamente neuquina en ambas c\u00e1maras del Congreso de la Naci\u00f3n.<\/strong><\/p>\n\n\n\n<p>Desde La Neuquinidad informaron que &#8220;<strong>no habr\u00e1 puntos de salida, circuitos predeterminados<\/strong>&#8220;, debido a que cada grupo saldr\u00e1 del lugar que lo considere conveniente.<\/p>\n\n\n\n<p>La caminata, se agreg\u00f3, empez\u00f3 a ser organizada ayer domingo por amigos, vecinos y compa\u00f1eros de trabajo, con el objetivo de <strong>difundir lo realizado por el gobierno provincial<\/strong> y las propuestas de los candidatos.<\/p>\n\n\n\n<p>La lista de Figueroa lleva como primera postulante para el Senado a\u00a0<strong>Julieta Corroza<\/strong>, acompa\u00f1ada en segundo lugar por<strong>\u00a0Juan Luis &#8220;Pep\u00e9&#8221; Ousset<\/strong>. Mientras que la n\u00f3mina para Diputados es encabezada por\u00a0<strong>Karina Maureira<\/strong>\u00a0y\u00a0<strong>Joaqu\u00edn Perren<\/strong>.<\/p>\n\n\n\n<p><strong>Fuente: www.rionegro.com.ar<\/strong><\/p>\n","protected":false},"excerpt":{"rendered":"<p>A menos de una semana para las\u00a0elecciones legislativas del 26 de octubre, La Neuquinidad, el frente de partidos del gobernador\u00a0Rolando Figueroa, har\u00e1 una recorrida este lunes\u00a0a la que se calific\u00f3 como &#8220;inusual&#8221;\u00a0y que se replicar\u00e1 en cada &#8220;pueblo, ciudad, paraje y localidad&#8221; de la provincia. La actividad ser\u00e1 una suerte de cierre de campa\u00f1a para [&hellip;]<\/p>\n","protected":false},"author":5,"featured_media":7883,"comment_status":"open","ping_status":"open","sticky":false,"template":"","format":"standard","meta":[],"categories":[9],"tags":[],"_links":{"self":[{"href":"https:\/\/politicapatagonica.com\/index.php\/wp-json\/wp\/v2\/posts\/7882"}],"collection":[{"href":"https:\/\/politicapatagonica.com\/index.php\/wp-json\/wp\/v2\/posts"}],"about":[{"href":"https:\/\/politicapatagonica.com\/index.php\/wp-json\/wp\/v2\/types\/post"}],"author":[{"embeddable":true,"href":"https:\/\/politicapatagonica.com\/index.php\/wp-json\/wp\/v2\/users\/5"}],"replies":[{"embeddable":true,"href":"https:\/\/politicapatagonica.com\/index.php\/wp-json\/wp\/v2\/comments?post=7882"}],"version-history":[{"count":1,"href":"https:\/\/politicapatagonica.com\/index.php\/wp-json\/wp\/v2\/posts\/7882\/revisions"}],"predecessor-version":[{"id":7884,"href":"https:\/\/politicapatagonica.com\/index.php\/wp-json\/wp\/v2\/posts\/7882\/revisions\/7884"}],"wp:featuredmedia":[{"embeddable":true,"href":"https:\/\/politicapatagonica.com\/index.php\/wp-json\/wp\/v2\/media\/7883"}],"wp:attachment":[{"href":"https:\/\/politicapatagonica.com\/index.php\/wp-json\/wp\/v2\/media?parent=7882"}],"wp:term":[{"taxonomy":"category","embeddable":true,"href":"https:\/\/politicapatagonica.com\/index.php\/wp-json\/wp\/v2\/categories?post=7882"},{"taxonomy":"post_tag","embeddable":true,"href":"https:\/\/politicapatagonica.com\/index.php\/wp-json\/wp\/v2\/tags?post=7882"}],"curies":[{"name":"wp","href":"https:\/\/api.w.org\/{rel}","templated":true}]}}