{"id":7878,"date":"2025-10-20T20:21:36","date_gmt":"2025-10-20T20:21:36","guid":{"rendered":"https:\/\/politicapatagonica.com\/?p=7878"},"modified":"2025-10-21T20:39:02","modified_gmt":"2025-10-21T20:39:02","slug":"la-gente-esta-cansada-del-desprecio-libertario-hacia-las-provincias","status":"publish","type":"post","link":"https:\/\/politicapatagonica.com\/index.php\/2025\/10\/20\/la-gente-esta-cansada-del-desprecio-libertario-hacia-las-provincias\/","title":{"rendered":"Intendente de R\u00edo Grande se quej\u00f3: \u201cLa gente est\u00e1 cansada del desprecio libertario hacia las provincias\u201d"},"content":{"rendered":"\n<p><br>El jefe comunal riograndense, <strong>Mart\u00edn<\/strong> <strong>Perez<\/strong>, sostuvo que la ciudad enfrenta un contexto de vaciamiento y recorte feroz en el que el municipio debi\u00f3 sostener servicios esenciales ante la <strong>ausencia<\/strong> <strong>del<\/strong> <strong>Estado<\/strong> <strong>nacional<\/strong>. \u201cLlevamos cinco a\u00f1os y medio de gesti\u00f3n, y en este \u00faltimo a\u00f1o y medio de <strong>motosierra<\/strong> y ajuste hemos decidido sostener y fortalecer todos los servicios municipales, especialmente en salud\u201d, afirm\u00f3.<\/p>\n\n\n\n<p>P\u00e9rez indic\u00f3 que el municipio cuenta con <strong>15<\/strong> <strong>dispositivos<\/strong> <strong>de<\/strong> <strong>salud<\/strong>, la mitad creados durante su gesti\u00f3n. \u201cEstamos incorporando profesionales y ampliando prestaciones, mientras la Naci\u00f3n se retira de sus responsabilidades. En R\u00edo Grande hoy nos hacemos cargo de la atenci\u00f3n primaria, porque los programas nacionales y provinciales fueron recortados o eliminados\u201d, explic\u00f3 en di\u00e1logo en Zoom a Diario.<\/p>\n\n\n\n<p>El intendente describi\u00f3 el panorama econ\u00f3mico como \u201cde <strong>ca\u00edda<\/strong> <strong>estrepitosa<\/strong> de la actividad y de los recursos estatales\u201d. \u201cEl Gobierno paraliz\u00f3 la obra p\u00fablica, que es generadora de empleo y desarrollo. Tambi\u00e9n suspendi\u00f3 los programas sociales que atend\u00edan a familias vulnerables. Si el camino nacional es el abandono, nosotros elegimos el inverso: acompa\u00f1ar a nuestra gente\u201d, sostuvo.<\/p>\n\n\n\n<p>En ese contexto, P\u00e9rez denunci\u00f3 la p\u00e9rdida de soberan\u00eda econ\u00f3mica. \u201cEl presidente llev\u00f3 a la Argentina a un grado de humillaci\u00f3n diplom\u00e1tica nunca visto. Su viaje a Estados Unidos fue una muestra de subordinaci\u00f3n y dependencia. Est\u00e1 reinstalando un modelo basado en endeudamiento y destrucci\u00f3n del empleo\u201d, se\u00f1al\u00f3.<\/p>\n\n\n\n<p>El intendente apunt\u00f3 directamente al Decreto 333, que reduce los aranceles de productos electr\u00f3nicos importados. \u201cEse decreto golpea directamente nuestra industria, que representa el 80% del empleo industrial fueguino. En enero su aplicaci\u00f3n ser\u00e1 un golpe dur\u00edsimo al trabajo local. Por eso insistimos en que debe derogarse lo antes posible\u201d, advirti\u00f3.<\/p>\n\n\n\n<p>En el plano pol\u00edtico, P\u00e9rez consider\u00f3 que en Buenos Aires se instal\u00f3 la idea de que Tierra del Fuego es el problema de la Argentina. \u201cNo somos el problema, somos parte de la soluci\u00f3n. Por eso necesitamos representantes con formaci\u00f3n y compromiso, no candidatos que se esconden detr\u00e1s de sellos nacionales sin hablarle a la gente\u201d, expres\u00f3.<\/p>\n\n\n\n<p>El jefe comunal tambi\u00e9n cuestion\u00f3 al gobierno provincial por la falta de respuesta ante el conflicto educativo. \u201cEn Tierra del Fuego hubo 30 d\u00edas de clases en 8 meses. Nadie puede naturalizar eso. La docencia tiene reclamos v\u00e1lidos, pero el Gobierno provincial no puede mirar para otro lado\u201d, dijo.<\/p>\n\n\n\n<p>P\u00e9rez llam\u00f3 a recuperar la seriedad en el debate p\u00fablico y plante\u00f3 que el peronismo debe revisar sus errores para volver a representar a la sociedad. \u201cNos gobierna una fuerza libertaria porque muchos peronismos se encerraron en sus internas. Tenemos que volver a demostrar que hay una gesti\u00f3n que funciona y que defiende a la gente, como en R\u00edo Grande\u201d, afirm\u00f3.<\/p>\n\n\n\n<p>De cara a las elecciones del 26 de octubre, el intendente augur\u00f3 un fuerte respaldo a Defendamos Tierra del Fuego, el espacio que integra junto a Gast\u00f3n D\u00edaz. \u201cHemos sido transparentes, mostramos propuestas concretas y somos la \u00fanica alternativa cien por cien fueguina. La gente lo ve y lo valora\u201d, asegur\u00f3. Anticip\u00f3 que el resultado electoral marcar\u00e1 un punto de inflexi\u00f3n. \u201cEstoy convencido de que habr\u00e1 una respuesta contundente a las pol\u00edticas libertarias: la gente est\u00e1 cansada del desprecio al interior, de la destrucci\u00f3n del trabajo y de la insensibilidad con los m\u00e1s vulnerables. Esa reacci\u00f3n va a nacer desde las provincias, y Tierra del Fuego va a ser parte de ese cambio\u201d, concluy\u00f3 P\u00e9rez.<\/p>\n\n\n\n<p><strong>Fuente: www.eldiariodelfindelmundo.com<\/strong><\/p>\n","protected":false},"excerpt":{"rendered":"<p>El jefe comunal riograndense, Mart\u00edn Perez, sostuvo que la ciudad enfrenta un contexto de vaciamiento y recorte feroz en el que el municipio debi\u00f3 sostener servicios esenciales ante la ausencia del Estado nacional. \u201cLlevamos cinco a\u00f1os y medio de gesti\u00f3n, y en este \u00faltimo a\u00f1o y medio de motosierra y ajuste hemos decidido sostener y [&hellip;]<\/p>\n","protected":false},"author":5,"featured_media":7879,"comment_status":"open","ping_status":"open","sticky":false,"template":"","format":"standard","meta":[],"categories":[11],"tags":[],"_links":{"self":[{"href":"https:\/\/politicapatagonica.com\/index.php\/wp-json\/wp\/v2\/posts\/7878"}],"collection":[{"href":"https:\/\/politicapatagonica.com\/index.php\/wp-json\/wp\/v2\/posts"}],"about":[{"href":"https:\/\/politicapatagonica.com\/index.php\/wp-json\/wp\/v2\/types\/post"}],"author":[{"embeddable":true,"href":"https:\/\/politicapatagonica.com\/index.php\/wp-json\/wp\/v2\/users\/5"}],"replies":[{"embeddable":true,"href":"https:\/\/politicapatagonica.com\/index.php\/wp-json\/wp\/v2\/comments?post=7878"}],"version-history":[{"count":2,"href":"https:\/\/politicapatagonica.com\/index.php\/wp-json\/wp\/v2\/posts\/7878\/revisions"}],"predecessor-version":[{"id":7891,"href":"https:\/\/politicapatagonica.com\/index.php\/wp-json\/wp\/v2\/posts\/7878\/revisions\/7891"}],"wp:featuredmedia":[{"embeddable":true,"href":"https:\/\/politicapatagonica.com\/index.php\/wp-json\/wp\/v2\/media\/7879"}],"wp:attachment":[{"href":"https:\/\/politicapatagonica.com\/index.php\/wp-json\/wp\/v2\/media?parent=7878"}],"wp:term":[{"taxonomy":"category","embeddable":true,"href":"https:\/\/politicapatagonica.com\/index.php\/wp-json\/wp\/v2\/categories?post=7878"},{"taxonomy":"post_tag","embeddable":true,"href":"https:\/\/politicapatagonica.com\/index.php\/wp-json\/wp\/v2\/tags?post=7878"}],"curies":[{"name":"wp","href":"https:\/\/api.w.org\/{rel}","templated":true}]}}