{"id":7867,"date":"2025-10-17T20:59:37","date_gmt":"2025-10-17T20:59:37","guid":{"rendered":"https:\/\/politicapatagonica.com\/?p=7867"},"modified":"2025-10-20T18:12:10","modified_gmt":"2025-10-20T18:12:10","slug":"ferran-escucho-preocupaciones-empresariales-en-winifreda","status":"publish","type":"post","link":"https:\/\/politicapatagonica.com\/index.php\/2025\/10\/17\/ferran-escucho-preocupaciones-empresariales-en-winifreda\/","title":{"rendered":"Candidato a diputado pampeano escuch\u00f3 las preocupaciones empresariales en Winifreda"},"content":{"rendered":"\n<p>El candidato a diputado nacional del&nbsp;<strong>Frente Defendemos La Pampa, Abelardo Ferr\u00e1n<\/strong>, visit\u00f3 la localidad de&nbsp;<strong>Winifreda<\/strong>, donde recorri\u00f3 diversas empresas, comercios, instituciones y las instalaciones del Parque Acu\u00e1tico.<\/p>\n\n\n\n<p>Acompa\u00f1ado por la jefa comunal,&nbsp;<strong>Adriana Garc\u00eda<\/strong>, y un grupo de militantes, en primer lugar se mantuvo un encuentro en la unidad B\u00e1sica, para luego continuar por la planta envasadora de agua potable de mesa&nbsp;<strong>Aguanat<\/strong>, el taller mec\u00e1nico&nbsp;<strong>LyM<\/strong>, la metal\u00fargica&nbsp;<strong>DGM<\/strong>, herrer\u00eda&nbsp;<strong>L\u00f3pez \u00c1vila<\/strong>, un comercio de venta de alimentos llamado&nbsp;<strong>Don Manuel<\/strong>, el negocio de venta de art\u00edculos decorativos y para el hogar &#8220;Ay Petrona!&#8221;, gomer\u00eda&nbsp;<strong>La Familia<\/strong>, corral\u00f3n Marcos, la f\u00e1brica de columnas de la Cooperativa local y culminar en el reconocido Parque Acu\u00e1tico, que se prepara para el inicio de una nueva temporada.<\/p>\n\n\n\n<p><strong>Ferr\u00e1n hizo hincapi\u00e9 en esta recorrida por la provincia de La Pampa, para dialogar con los distintos sectores que forman parte de la sociedad: &#8220;tenemos muy buenas expectativas de cara al pr\u00f3ximo 26 de octubre, hay una muy buena recepci\u00f3n en cada lugar al que nos acercamos&#8221;, cont\u00f3.<\/strong><\/p>\n\n\n\n<p>&#8220;Nos encontramos con&nbsp;<strong>mucha preocupaci\u00f3n porque cay\u00f3 el poder adquisitivo de las personas, tanto del sector activo como de quienes perciben un haber jubilatorio<\/strong>, eso genera una disminuci\u00f3n del consumo que se traduce en un impacto negativo en nuestras empresas&#8221;, se\u00f1al\u00f3.<\/p>\n\n\n\n<p>&#8220;<strong>Los empresarios expresan esta situaci\u00f3n de gran ca\u00edda de ventas<\/strong>, lo que genera crisis porque tienen que mantener un cuerpo estable de empleados y eso implica un gran sacrificio, todos esperan que esto se revierta porque claramente este no es el camino&#8221;, expres\u00f3 <strong>el candidato del Frente Defendemos La Pampa.<\/strong><\/p>\n\n\n\n<p>Explic\u00f3 que se est\u00e1 transitando&nbsp;<strong>el sexto mes de recesi\u00f3n<\/strong>, &#8220;de no crecimiento de la producci\u00f3n en nuestro pa\u00eds, y eso es un c\u00edrculo vicioso porque eso implica que haya menor recaudaci\u00f3n, eso genera que llegue menos dinero a las provincias y parece que \u00e9ste hombre (Javier Milei) quiere cumplir lo que dijo en su momento, que iba destruir el Estado y fundir a las provincias&#8221;, continu\u00f3.<\/p>\n\n\n\n<p>Finalmente,<strong> Ferr\u00e1n se mostr\u00f3 confiado en que el Frente logre el objetivo de colocar dos diputados en el Congreso de la Naci\u00f3n, &#8220;hoy el Gobierno nacional, a trav\u00e9s de sus representantes en la C\u00e1mara de Diputados<\/strong>, pretende desprestigiar a un Cuerpo que es el \u00fanico que pone freno a \u00e9sta pol\u00edtica de ajuste y destrucci\u00f3n del pa\u00eds&#8221;.<\/p>\n\n\n\n<p><strong>Fuente: www.eldiariodelapampa.com.ar<\/strong><\/p>\n","protected":false},"excerpt":{"rendered":"<p>El candidato a diputado nacional del&nbsp;Frente Defendemos La Pampa, Abelardo Ferr\u00e1n, visit\u00f3 la localidad de&nbsp;Winifreda, donde recorri\u00f3 diversas empresas, comercios, instituciones y las instalaciones del Parque Acu\u00e1tico. Acompa\u00f1ado por la jefa comunal,&nbsp;Adriana Garc\u00eda, y un grupo de militantes, en primer lugar se mantuvo un encuentro en la unidad B\u00e1sica, para luego continuar por la planta [&hellip;]<\/p>\n","protected":false},"author":5,"featured_media":7868,"comment_status":"open","ping_status":"open","sticky":false,"template":"","format":"standard","meta":[],"categories":[10],"tags":[],"_links":{"self":[{"href":"https:\/\/politicapatagonica.com\/index.php\/wp-json\/wp\/v2\/posts\/7867"}],"collection":[{"href":"https:\/\/politicapatagonica.com\/index.php\/wp-json\/wp\/v2\/posts"}],"about":[{"href":"https:\/\/politicapatagonica.com\/index.php\/wp-json\/wp\/v2\/types\/post"}],"author":[{"embeddable":true,"href":"https:\/\/politicapatagonica.com\/index.php\/wp-json\/wp\/v2\/users\/5"}],"replies":[{"embeddable":true,"href":"https:\/\/politicapatagonica.com\/index.php\/wp-json\/wp\/v2\/comments?post=7867"}],"version-history":[{"count":3,"href":"https:\/\/politicapatagonica.com\/index.php\/wp-json\/wp\/v2\/posts\/7867\/revisions"}],"predecessor-version":[{"id":7877,"href":"https:\/\/politicapatagonica.com\/index.php\/wp-json\/wp\/v2\/posts\/7867\/revisions\/7877"}],"wp:featuredmedia":[{"embeddable":true,"href":"https:\/\/politicapatagonica.com\/index.php\/wp-json\/wp\/v2\/media\/7868"}],"wp:attachment":[{"href":"https:\/\/politicapatagonica.com\/index.php\/wp-json\/wp\/v2\/media?parent=7867"}],"wp:term":[{"taxonomy":"category","embeddable":true,"href":"https:\/\/politicapatagonica.com\/index.php\/wp-json\/wp\/v2\/categories?post=7867"},{"taxonomy":"post_tag","embeddable":true,"href":"https:\/\/politicapatagonica.com\/index.php\/wp-json\/wp\/v2\/tags?post=7867"}],"curies":[{"name":"wp","href":"https:\/\/api.w.org\/{rel}","templated":true}]}}