{"id":7829,"date":"2025-10-15T11:15:46","date_gmt":"2025-10-15T11:15:46","guid":{"rendered":"https:\/\/politicapatagonica.com\/?p=7829"},"modified":"2025-10-15T11:23:24","modified_gmt":"2025-10-15T11:23:24","slug":"juan-pablo-luque-denuncio-penalmente-a-un-medio-por-difundir-fake-news","status":"publish","type":"post","link":"https:\/\/politicapatagonica.com\/index.php\/2025\/10\/15\/juan-pablo-luque-denuncio-penalmente-a-un-medio-por-difundir-fake-news\/","title":{"rendered":"Juan Pablo Luque denunci\u00f3 penalmente a un medio por difundir fake news"},"content":{"rendered":"\n<p>El exintendente de Comodoro Rivadavia y candidato a diputado nacional, <strong>Juan Pablo Luque <\/strong>present\u00f3 una <strong>denuncia<\/strong> <strong>penal<\/strong> contra el portal \u201cChubut Noticias\u201d, al que acusa de publicar <strong>informaci\u00f3n<\/strong> <strong>falsa<\/strong> y difamatoria con intencionalidad pol\u00edtica, en plena campa\u00f1a electoral.<\/p>\n\n\n\n<p>La denuncia fue presentada ante el Ministerio P\u00fablico Fiscal de Comodoro Rivadavia y apunta a una publicaci\u00f3n del 10 de octubre titulada \u201cSeg\u00fan los condenados por la Emergencia Clim\u00e1tica, \u2018Luque era el jefe de la banda\u2019\u201d. En esa nota, el portal lo vincula con supuestos <strong>delitos<\/strong> vinculados al manejo de fondos durante la <strong>emergencia<\/strong> <strong>clim\u00e1tica<\/strong> de 2017, algo que el dirigente calific\u00f3 como \u201cuna mentira absoluta con fines electorales\u201d.<\/p>\n\n\n\n<p>\u201cEl periodismo debe perseguir la verdad. Este portal es un <strong>invento<\/strong> solo para publicar noticias falsas sobre m\u00ed\u201d, asegur\u00f3 Luque luego de presentar la denuncia.<\/p>\n\n\n\n<figure class=\"wp-block-image size-full\"><img decoding=\"async\" loading=\"lazy\" width=\"714\" height=\"618\" src=\"https:\/\/politicapatagonica.com\/wp-content\/uploads\/2025\/10\/WhatsApp-Image-2025-10-14-at-21.00.00.jpeg\" alt=\"\" class=\"wp-image-7831\" srcset=\"https:\/\/politicapatagonica.com\/wp-content\/uploads\/2025\/10\/WhatsApp-Image-2025-10-14-at-21.00.00.jpeg 714w, https:\/\/politicapatagonica.com\/wp-content\/uploads\/2025\/10\/WhatsApp-Image-2025-10-14-at-21.00.00-300x260.jpeg 300w, https:\/\/politicapatagonica.com\/wp-content\/uploads\/2025\/10\/WhatsApp-Image-2025-10-14-at-21.00.00-150x130.jpeg 150w, https:\/\/politicapatagonica.com\/wp-content\/uploads\/2025\/10\/WhatsApp-Image-2025-10-14-at-21.00.00-696x602.jpeg 696w\" sizes=\"(max-width: 714px) 100vw, 714px\" \/><figcaption class=\"wp-element-caption\">Juan Pablo Luque.<\/figcaption><\/figure>\n\n\n\n<p>El escrito judicial solicita la <strong>preservaci\u00f3n<\/strong> <strong>del<\/strong> <strong>contenido<\/strong> <strong>digital<\/strong>, la identificaci\u00f3n de los responsables editoriales y la realizaci\u00f3n de pericias inform\u00e1ticas para determinar el origen de la publicaci\u00f3n y su posible financiamiento. Adem\u00e1s, pide que se investigue por los delitos de <strong>calumnias<\/strong> <strong>e<\/strong> <strong>injurias<\/strong> (arts. 109, 110 y 54 del C\u00f3digo Penal).<\/p>\n\n\n\n<p>Luque remarc\u00f3 que jam\u00e1s fue imputado ni procesado por ninguna causa vinculada a la emergencia clim\u00e1tica ni por hechos de corrupci\u00f3n, y advirti\u00f3 que este tipo de <strong>maniobras<\/strong> \u201cbuscan ensuciar la pol\u00edtica y confundir a la gente con mentiras fabricadas\u201d.<\/p>\n\n\n\n<p>La presentaci\u00f3n cita jurisprudencia de la Corte Suprema de Justicia que sostiene que la libertad de expresi\u00f3n no ampara la difusi\u00f3n deliberada de informaci\u00f3n falsa. Seg\u00fan el texto, se trata de una <strong>campa\u00f1a<\/strong> <strong>difamatoria<\/strong> que excede el marco de la cr\u00edtica pol\u00edtica y afecta el derecho a competir en igualdad de condiciones.<\/p>\n\n\n\n<figure class=\"wp-block-image size-large\"><img decoding=\"async\" loading=\"lazy\" width=\"576\" height=\"1024\" src=\"https:\/\/politicapatagonica.com\/wp-content\/uploads\/2025\/10\/WhatsApp-Image-2025-10-14-at-21.00.01-576x1024.jpeg\" alt=\"\" class=\"wp-image-7834\" srcset=\"https:\/\/politicapatagonica.com\/wp-content\/uploads\/2025\/10\/WhatsApp-Image-2025-10-14-at-21.00.01-576x1024.jpeg 576w, https:\/\/politicapatagonica.com\/wp-content\/uploads\/2025\/10\/WhatsApp-Image-2025-10-14-at-21.00.01-169x300.jpeg 169w, https:\/\/politicapatagonica.com\/wp-content\/uploads\/2025\/10\/WhatsApp-Image-2025-10-14-at-21.00.01-768x1365.jpeg 768w, https:\/\/politicapatagonica.com\/wp-content\/uploads\/2025\/10\/WhatsApp-Image-2025-10-14-at-21.00.01-864x1536.jpeg 864w, https:\/\/politicapatagonica.com\/wp-content\/uploads\/2025\/10\/WhatsApp-Image-2025-10-14-at-21.00.01-150x267.jpeg 150w, https:\/\/politicapatagonica.com\/wp-content\/uploads\/2025\/10\/WhatsApp-Image-2025-10-14-at-21.00.01-300x533.jpeg 300w, https:\/\/politicapatagonica.com\/wp-content\/uploads\/2025\/10\/WhatsApp-Image-2025-10-14-at-21.00.01-696x1237.jpeg 696w, https:\/\/politicapatagonica.com\/wp-content\/uploads\/2025\/10\/WhatsApp-Image-2025-10-14-at-21.00.01.jpeg 900w\" sizes=\"(max-width: 576px) 100vw, 576px\" \/><figcaption class=\"wp-element-caption\">El escrito de la denuncia.<\/figcaption><\/figure>\n\n\n\n<p>No es la primera vez que Luque apunta contra portales creados con fines difamatorios. Meses atr\u00e1s hab\u00eda cuestionado p\u00fablicamente al sitio <strong>Somos<\/strong> <strong>Chubut<\/strong>, al que vincul\u00f3 con el funcionario provincial <strong>Mijail<\/strong> <strong>Jaremtchuk<\/strong>, actual director de la Casa del Chubut en Buenos Aires.<\/p>\n\n\n\n<p>Con esta nueva denuncia, el candidato busca marcar un l\u00edmite: \u201cNo todo vale en pol\u00edtica \u2014afirm\u00f3\u2014, mentir tambi\u00e9n tiene consecuencias judiciales.\u201d<\/p>\n","protected":false},"excerpt":{"rendered":"<p>El exintendente de Comodoro Rivadavia y candidato a diputado nacional, Juan Pablo Luque present\u00f3 una denuncia penal contra el portal \u201cChubut Noticias\u201d, al que acusa de publicar informaci\u00f3n falsa y difamatoria con intencionalidad pol\u00edtica, en plena campa\u00f1a electoral. La denuncia fue presentada ante el Ministerio P\u00fablico Fiscal de Comodoro Rivadavia y apunta a una publicaci\u00f3n [&hellip;]<\/p>\n","protected":false},"author":5,"featured_media":7830,"comment_status":"open","ping_status":"open","sticky":false,"template":"","format":"standard","meta":[],"categories":[14],"tags":[],"_links":{"self":[{"href":"https:\/\/politicapatagonica.com\/index.php\/wp-json\/wp\/v2\/posts\/7829"}],"collection":[{"href":"https:\/\/politicapatagonica.com\/index.php\/wp-json\/wp\/v2\/posts"}],"about":[{"href":"https:\/\/politicapatagonica.com\/index.php\/wp-json\/wp\/v2\/types\/post"}],"author":[{"embeddable":true,"href":"https:\/\/politicapatagonica.com\/index.php\/wp-json\/wp\/v2\/users\/5"}],"replies":[{"embeddable":true,"href":"https:\/\/politicapatagonica.com\/index.php\/wp-json\/wp\/v2\/comments?post=7829"}],"version-history":[{"count":2,"href":"https:\/\/politicapatagonica.com\/index.php\/wp-json\/wp\/v2\/posts\/7829\/revisions"}],"predecessor-version":[{"id":7835,"href":"https:\/\/politicapatagonica.com\/index.php\/wp-json\/wp\/v2\/posts\/7829\/revisions\/7835"}],"wp:featuredmedia":[{"embeddable":true,"href":"https:\/\/politicapatagonica.com\/index.php\/wp-json\/wp\/v2\/media\/7830"}],"wp:attachment":[{"href":"https:\/\/politicapatagonica.com\/index.php\/wp-json\/wp\/v2\/media?parent=7829"}],"wp:term":[{"taxonomy":"category","embeddable":true,"href":"https:\/\/politicapatagonica.com\/index.php\/wp-json\/wp\/v2\/categories?post=7829"},{"taxonomy":"post_tag","embeddable":true,"href":"https:\/\/politicapatagonica.com\/index.php\/wp-json\/wp\/v2\/tags?post=7829"}],"curies":[{"name":"wp","href":"https:\/\/api.w.org\/{rel}","templated":true}]}}