{"id":7810,"date":"2025-10-13T22:55:25","date_gmt":"2025-10-13T22:55:25","guid":{"rendered":"https:\/\/politicapatagonica.com\/?p=7810"},"modified":"2025-10-13T22:55:26","modified_gmt":"2025-10-13T22:55:26","slug":"vidal-las-empresas-deben-tener-base-en-santa-cruz-con-trabajadores-santacrucenos-muchos-anos-fuimos-generosos","status":"publish","type":"post","link":"https:\/\/politicapatagonica.com\/index.php\/2025\/10\/13\/vidal-las-empresas-deben-tener-base-en-santa-cruz-con-trabajadores-santacrucenos-muchos-anos-fuimos-generosos\/","title":{"rendered":"Vidal: \u201cLas empresas deben tener base en Santa Cruz con trabajadores santacruce\u00f1os, muchos a\u00f1os fuimos generosos\u201d"},"content":{"rendered":"\n<p><strong>El gobernador de Santa Cruz, Claudio Vidal junto al intendente de Caleta Olivia, Pablo Carrizo supervis\u00f3 el inicio de los controles en el marco de la Ley 90\/10 particularmente al ingreso a la ciudad de El Gorosito, a m\u00f3viles-utilitarios de empresas privadas.<\/strong><\/p>\n\n\n\n<p>Acompa\u00f1aron al mandatario provincial, el jefe de Gabinete de Ministros, Daniel \u00c1lvarez, la diputada por el Pueblo de Caleta Olivia, Patricia Urrutia, el secretario de Estado de Seguridad, Bruno G\u00f3mez, autoridades policiales y municipales.<\/p>\n\n\n\n<p>En el lugar brind\u00f3 declaraciones a los medios de prensa y habl\u00f3 en particular acerca de los objetivos de la nueva normativa aprobada en C\u00e1mara de Diputados donde se prioriza la contrataci\u00f3n de los santacruce\u00f1os en las industrias petroleras, mineras, pesqueras de servicios.<\/p>\n\n\n\n<p><strong>\u201cMiles de trabajadores son de afuera, y se quedan sin trabajo quienes viven ac\u00e1\u201d, indic\u00f3 Claudio Vidal para luego aseverar que \u201cno tengo nada contra el de afuera, todo lo contrario, pero que se vengan a vivir, que dejen el salario ac\u00e1 porque el recurso es de los santacruce\u00f1os\u201d. \u00a0<\/strong><\/p>\n\n\n\n<p><strong>Ante la consulta c\u00f3mo se revierte el alto nivel de la pobreza, indic\u00f3: \u201cPrimero con trabajo genuino y producci\u00f3n, lamentablemente vivimos en un momento de mucha pobreza en la Argentina\u201d<\/strong>. Por ello, \u201clos trabajadores de salarios altos deber\u00edan ser de la provincia y logremos que se genere una cadena productiva: m\u00e1s comercio privado\u201d.<\/p>\n\n\n\n<p>M\u00e1s adelante, con el trabajo finalizada en el relevamiento, el titular del Poder Ejecutivo Provincial sostuvo que se va a armar una mesa en la que intervendr\u00e1 el Ministerio de Trabajo, Empleo y Seguridad Social, y se expondr\u00e1 a las empresas sus incumplimientos, porqu\u00e9 \u201cesta situaci\u00f3n no da para m\u00e1s, se deber\u00e1 revertirlo con mano de obra local\u201d.<\/p>\n\n\n\n<p><strong>Vidal espera que las empresas inviertan en la provincia de Santa Cruz, \u201cque tengan domicilio real, que construyan su base en Caleta Olivia, Pico Truncado, Las Heras, Perito Moreno, Los Antiguos, San Juli\u00e1n, Puerto Deseado, Puerto Santa Cruz, entre otros puntos claves\u201d.<\/strong><\/p>\n\n\n\n<p>Finalmente, el gobernador subray\u00f3 que<strong> \u201cac\u00e1 siempre fuimos muy generosos, ahora en Santa Cruz cambia\u201d.<\/strong><\/p>\n\n\n\n<p><strong>\u201cHubieran hecho las cosas bien\u201d<\/strong><\/p>\n\n\n\n<p>El gobernador habl\u00f3 de los \u00faltimos acontecimientos desatados en el Tribunal Superior de Justicia y opin\u00f3 fuertemente de la realidad actual.<\/p>\n\n\n\n<p><strong>\u201cLa justicia que no es justicia\u201d, respondi\u00f3 ante la pregunta de los medios presentes y agreg\u00f3: \u201cla justicia que hace pol\u00edtica hoy desde la oposici\u00f3n antes desde el oficialismo, la justicia que tiene que cambiar, mejor el servicio para la comunidad, es triste y lamentable tener que decirlo, pero eso pasa\u201d.<\/strong><\/p>\n\n\n\n<p>Fue m\u00e1s preciso y mencion\u00f3 que fue una ley debatida y aprobada: \u201c<strong>hay una ley en vigencia que se tiene que cumplir<\/strong>, los \u00fanicos que se resisten son quienes tienen miedo a dar explicaciones, a rendir cuentas, a tener que devolver lo que se llevaron durante tantos a\u00f1os, por haber utilizado fondos p\u00fablicos para enriquecerse y empobrecer al pueblo santacruce\u00f1o\u201d.<\/p>\n\n\n\n<p>Para concluir,<strong> Claudio Vidal fue categ\u00f3rico y sostuvo \u201cno tendr\u00edan terror si hubiesen hecho las cosas bien. A Santa Cruz la saquearon durante muchos a\u00f1os, mientras un grupo min\u00fasculo de funcionarios delegados a la familia de la pol\u00edtica partidaria o pol\u00edtica judicial se enriquec\u00eda\u201d.<\/strong><\/p>\n\n\n\n<p><strong>Fuente: noticias.santacruz.gob.ar<\/strong><\/p>\n","protected":false},"excerpt":{"rendered":"<p>El gobernador de Santa Cruz, Claudio Vidal junto al intendente de Caleta Olivia, Pablo Carrizo supervis\u00f3 el inicio de los controles en el marco de la Ley 90\/10 particularmente al ingreso a la ciudad de El Gorosito, a m\u00f3viles-utilitarios de empresas privadas. Acompa\u00f1aron al mandatario provincial, el jefe de Gabinete de Ministros, Daniel \u00c1lvarez, la [&hellip;]<\/p>\n","protected":false},"author":5,"featured_media":7811,"comment_status":"open","ping_status":"open","sticky":false,"template":"","format":"standard","meta":[],"categories":[8],"tags":[],"_links":{"self":[{"href":"https:\/\/politicapatagonica.com\/index.php\/wp-json\/wp\/v2\/posts\/7810"}],"collection":[{"href":"https:\/\/politicapatagonica.com\/index.php\/wp-json\/wp\/v2\/posts"}],"about":[{"href":"https:\/\/politicapatagonica.com\/index.php\/wp-json\/wp\/v2\/types\/post"}],"author":[{"embeddable":true,"href":"https:\/\/politicapatagonica.com\/index.php\/wp-json\/wp\/v2\/users\/5"}],"replies":[{"embeddable":true,"href":"https:\/\/politicapatagonica.com\/index.php\/wp-json\/wp\/v2\/comments?post=7810"}],"version-history":[{"count":1,"href":"https:\/\/politicapatagonica.com\/index.php\/wp-json\/wp\/v2\/posts\/7810\/revisions"}],"predecessor-version":[{"id":7812,"href":"https:\/\/politicapatagonica.com\/index.php\/wp-json\/wp\/v2\/posts\/7810\/revisions\/7812"}],"wp:featuredmedia":[{"embeddable":true,"href":"https:\/\/politicapatagonica.com\/index.php\/wp-json\/wp\/v2\/media\/7811"}],"wp:attachment":[{"href":"https:\/\/politicapatagonica.com\/index.php\/wp-json\/wp\/v2\/media?parent=7810"}],"wp:term":[{"taxonomy":"category","embeddable":true,"href":"https:\/\/politicapatagonica.com\/index.php\/wp-json\/wp\/v2\/categories?post=7810"},{"taxonomy":"post_tag","embeddable":true,"href":"https:\/\/politicapatagonica.com\/index.php\/wp-json\/wp\/v2\/tags?post=7810"}],"curies":[{"name":"wp","href":"https:\/\/api.w.org\/{rel}","templated":true}]}}