{"id":7798,"date":"2025-10-09T21:13:22","date_gmt":"2025-10-09T21:13:22","guid":{"rendered":"https:\/\/politicapatagonica.com\/?p=7798"},"modified":"2025-10-09T22:55:03","modified_gmt":"2025-10-09T22:55:03","slug":"torres-impulsa-plan-odontologico-para-adultos-mayores-con-cobertura-del-100-en-protesis-dentales","status":"publish","type":"post","link":"https:\/\/politicapatagonica.com\/index.php\/2025\/10\/09\/torres-impulsa-plan-odontologico-para-adultos-mayores-con-cobertura-del-100-en-protesis-dentales\/","title":{"rendered":"Torres impulsa un Plan Odontol\u00f3gico para adultos mayores con cobertura del 100% en pr\u00f3tesis dentales"},"content":{"rendered":"\n<p><strong>Con una cobertura del 100% en pr\u00f3tesis dentales, SEROS Chubut impulsa una pol\u00edtica p\u00fablica que mejora la salud bucal, la autoestima y la calidad de vida de sus personas afiliadas mayores de 60 a\u00f1os en toda la provincia.<\/strong><\/p>\n\n\n\n<p><strong>El gobernador del Chubut, Ignacio &#8220;Nacho&#8221; Torres, puso en relieve la implementaci\u00f3n del Programa de Atenci\u00f3n Odontol\u00f3gica Especial para mayores de 60 a\u00f1os,<\/strong> en el marco de las distintas pol\u00edticas p\u00fablicas que la Provincia lleva adelante para garantizar el bienestar integral de las personas mayores de la provincia.<\/p>\n\n\n\n<p>El mandatario destac\u00f3 de este modo<strong> el M\u00f3dulo de Pr\u00f3tesis Dental impulsado en el marco de dicho esquema, el cual permitir\u00e1 fortalecer el acceso a la salud bucal de las personas afiliadas mayores,<\/strong> a partir de una cobertura del 100% en pr\u00f3tesis dentales en el segmento de personas de m\u00e1s de 60 a\u00f1os de edad.<\/p>\n\n\n\n<p>Torres ratific\u00f3 que<strong> &#8220;este es un gobierno que prioriza a sus adultos mayores, no solo en cuanto a las actividades recreativas, deportivas, educativas y culturales, sino tambi\u00e9n en algo tan esencial como la salud&#8221;<\/strong> y calific\u00f3 al Plan Odontol\u00f3gico Especial como &#8220;un nuevo salto de calidad en el abordaje de un sector fundamental de la sociedad&#8221;.<\/p>\n\n\n\n<p>&#8220;Cuidar y acompa\u00f1ar a nuestros jubilados para que puedan disfrutar de una vida plena, es una decisi\u00f3n pol\u00edtica que tomamos desde el primer d\u00eda de gobierno, y que hoy nos permite garantizar un Estado presente, en un contexto dif\u00edcil de la Argentina&#8221;, expres\u00f3 el titular del Ejecutivo, concluyendo que<strong> &#8220;vamos a seguir trabajando para impulsar pol\u00edticas p\u00fablicas que mejoren la calidad de vida de los chubutenses&#8221;.<\/strong><\/p>\n\n\n\n<p><strong>Atenci\u00f3n Odontol\u00f3gica Especial<\/strong><\/p>\n\n\n\n<p>El nuevo programa<strong> contempla el tratamiento de pr\u00f3tesis dentales completas y parciales,<\/strong> que se realizan luego del proceso de rehabilitaci\u00f3n bucal, incluyendo etapas de evaluaci\u00f3n inicial, diagn\u00f3stico, confecci\u00f3n, colocaci\u00f3n y seguimiento de las pr\u00f3tesis. De esta manera, se asegura que las personas mayores puedan acceder a una atenci\u00f3n integral y con acompa\u00f1amiento profesional en cada instancia.<\/p>\n\n\n\n<p>El Plan de Cobertura Odontol\u00f3gica Especial tiene como prop\u00f3sito devolver a las personas mayores funciones esenciales que suelen perderse con la falta de piezas dentarias<strong>, a la vez que la rehabilitaci\u00f3n bucal mejora notablemente la nutrici\u00f3n, al permitir una alimentaci\u00f3n m\u00e1s variada y saludable y previniendo trastornos digestivos, dificultades fon\u00e9ticas y alteraciones posturales faciales, fortaleciendo la salud general y el bienestar emocional.<\/strong><\/p>\n\n\n\n<p><strong>Fuente: elchubut.com.ar<\/strong><\/p>\n","protected":false},"excerpt":{"rendered":"<p>Con una cobertura del 100% en pr\u00f3tesis dentales, SEROS Chubut impulsa una pol\u00edtica p\u00fablica que mejora la salud bucal, la autoestima y la calidad de vida de sus personas afiliadas mayores de 60 a\u00f1os en toda la provincia. El gobernador del Chubut, Ignacio &#8220;Nacho&#8221; Torres, puso en relieve la implementaci\u00f3n del Programa de Atenci\u00f3n Odontol\u00f3gica [&hellip;]<\/p>\n","protected":false},"author":5,"featured_media":7799,"comment_status":"open","ping_status":"open","sticky":false,"template":"","format":"standard","meta":[],"categories":[14],"tags":[],"_links":{"self":[{"href":"https:\/\/politicapatagonica.com\/index.php\/wp-json\/wp\/v2\/posts\/7798"}],"collection":[{"href":"https:\/\/politicapatagonica.com\/index.php\/wp-json\/wp\/v2\/posts"}],"about":[{"href":"https:\/\/politicapatagonica.com\/index.php\/wp-json\/wp\/v2\/types\/post"}],"author":[{"embeddable":true,"href":"https:\/\/politicapatagonica.com\/index.php\/wp-json\/wp\/v2\/users\/5"}],"replies":[{"embeddable":true,"href":"https:\/\/politicapatagonica.com\/index.php\/wp-json\/wp\/v2\/comments?post=7798"}],"version-history":[{"count":2,"href":"https:\/\/politicapatagonica.com\/index.php\/wp-json\/wp\/v2\/posts\/7798\/revisions"}],"predecessor-version":[{"id":7808,"href":"https:\/\/politicapatagonica.com\/index.php\/wp-json\/wp\/v2\/posts\/7798\/revisions\/7808"}],"wp:featuredmedia":[{"embeddable":true,"href":"https:\/\/politicapatagonica.com\/index.php\/wp-json\/wp\/v2\/media\/7799"}],"wp:attachment":[{"href":"https:\/\/politicapatagonica.com\/index.php\/wp-json\/wp\/v2\/media?parent=7798"}],"wp:term":[{"taxonomy":"category","embeddable":true,"href":"https:\/\/politicapatagonica.com\/index.php\/wp-json\/wp\/v2\/categories?post=7798"},{"taxonomy":"post_tag","embeddable":true,"href":"https:\/\/politicapatagonica.com\/index.php\/wp-json\/wp\/v2\/tags?post=7798"}],"curies":[{"name":"wp","href":"https:\/\/api.w.org\/{rel}","templated":true}]}}