{"id":7795,"date":"2025-10-09T21:09:47","date_gmt":"2025-10-09T21:09:47","guid":{"rendered":"https:\/\/politicapatagonica.com\/?p=7795"},"modified":"2025-10-09T22:52:27","modified_gmt":"2025-10-09T22:52:27","slug":"las-politicas-publicas-tienen-que-ordenar-el-reparto-de-la-riqueza","status":"publish","type":"post","link":"https:\/\/politicapatagonica.com\/index.php\/2025\/10\/09\/las-politicas-publicas-tienen-que-ordenar-el-reparto-de-la-riqueza\/","title":{"rendered":"Ziliotto: &#8220;Las pol\u00edticas p\u00fablicas tienen que ordenar el reparto de la riqueza&#8221;\u00a0"},"content":{"rendered":"\n<p><strong>El mandatario pampeano cerr\u00f3 el ciclo de oradores con un discurso enf\u00e1tico en defensa del trabajo, la producci\u00f3n y el rol del Estado, marcando una clara distancia con el modelo econ\u00f3mico impulsado por el Gobierno nacional.<\/strong><\/p>\n\n\n\n<p>Rescat\u00f3 el rol de los sindicatos en la protecci\u00f3n a los trabajadores. Dijo que defendi\u00f3 hist\u00f3ricamente el rol de los trabajadores en la creaci\u00f3n de la riqueza.<\/p>\n\n\n\n<p><strong>&#8220;Hist\u00f3ricamente, y lo planteamos permanentemente en la provincia de La Pampa, estamos en las ant\u00edpodas del gobierno nacional, en las ant\u00edpodas de este modelo de dependencia&#8221;<\/strong>, afirm\u00f3 Ziliotto, quien reivindic\u00f3 la tradici\u00f3n productiva y federal de la provincia.<\/p>\n\n\n\n<p>El gobernador <strong>destac\u00f3 el esfuerzo de la organizaci\u00f3n sindical<\/strong> y la importancia de contar con infraestructura &#8220;al servicio de la defensa y de la protecci\u00f3n de los trabajadores&#8221;. En ese sentido, subray\u00f3 que el desarrollo del pa\u00eds solo es posible &#8220;a trav\u00e9s de la producci\u00f3n y el trabajo&#8221;, y que el Estado tiene un papel irremplazable en la distribuci\u00f3n de la riqueza.<\/p>\n\n\n\n<p><strong>&#8220;Yo no soy gobernador para quedar bien con los de arriba. Soy gobernador para mejorarle la vida a cada pampeano, a cada pampeana&#8221;<\/strong>, expres\u00f3, en uno de los pasajes m\u00e1s aplaudidos de su intervenci\u00f3n.<\/p>\n\n\n\n<p>Ziliotto advirti\u00f3 adem\u00e1s sobre la narrativa oficial qu<strong>e busca responsabilizar a los trabajadores <\/strong>por los problemas econ\u00f3micos del pa\u00eds. &#8220;Nos quieren hacer creer que el problema de la Argentina es el costo laboral, son los trabajadores&#8221;, sostuvo, al tiempo que denunci\u00f3 las pol\u00edticas de ajuste que impulsa el Fondo Monetario Internacional (FMI).<\/p>\n\n\n\n<p>&#8220;Ayer el Fondo Monetario identificaba al presidente como uno de esos l\u00edderes valientes, como aquellos presidentes europeos que llegaron supuestamente a un equilibrio fiscal a partir de bajar un 50% los salarios y las jubilaciones. Ese es el modelo de ajuste que quieren profundizar&#8221;, enfatiz\u00f3.<\/p>\n\n\n\n<p>En el cierre, <strong>el gobernador pampeano convoc\u00f3 a &#8220;seguir levantando las banderas del trabajo&#8221; y ratific\u00f3 el compromiso de su gesti\u00f3n con la defensa de los derechos laborales.<\/strong><\/p>\n\n\n\n<p><strong>&#8220;Sepan que van a seguir contando con nosotros, le guste a quien le guste, le pese a quien le pese&#8221;, <\/strong>concluy\u00f3.<\/p>\n\n\n\n<p><strong>Fuente: www.eldiariodelapampa.com.ar<\/strong><\/p>\n","protected":false},"excerpt":{"rendered":"<p>El mandatario pampeano cerr\u00f3 el ciclo de oradores con un discurso enf\u00e1tico en defensa del trabajo, la producci\u00f3n y el rol del Estado, marcando una clara distancia con el modelo econ\u00f3mico impulsado por el Gobierno nacional. Rescat\u00f3 el rol de los sindicatos en la protecci\u00f3n a los trabajadores. Dijo que defendi\u00f3 hist\u00f3ricamente el rol de [&hellip;]<\/p>\n","protected":false},"author":5,"featured_media":7796,"comment_status":"open","ping_status":"open","sticky":false,"template":"","format":"standard","meta":[],"categories":[10],"tags":[],"_links":{"self":[{"href":"https:\/\/politicapatagonica.com\/index.php\/wp-json\/wp\/v2\/posts\/7795"}],"collection":[{"href":"https:\/\/politicapatagonica.com\/index.php\/wp-json\/wp\/v2\/posts"}],"about":[{"href":"https:\/\/politicapatagonica.com\/index.php\/wp-json\/wp\/v2\/types\/post"}],"author":[{"embeddable":true,"href":"https:\/\/politicapatagonica.com\/index.php\/wp-json\/wp\/v2\/users\/5"}],"replies":[{"embeddable":true,"href":"https:\/\/politicapatagonica.com\/index.php\/wp-json\/wp\/v2\/comments?post=7795"}],"version-history":[{"count":2,"href":"https:\/\/politicapatagonica.com\/index.php\/wp-json\/wp\/v2\/posts\/7795\/revisions"}],"predecessor-version":[{"id":7807,"href":"https:\/\/politicapatagonica.com\/index.php\/wp-json\/wp\/v2\/posts\/7795\/revisions\/7807"}],"wp:featuredmedia":[{"embeddable":true,"href":"https:\/\/politicapatagonica.com\/index.php\/wp-json\/wp\/v2\/media\/7796"}],"wp:attachment":[{"href":"https:\/\/politicapatagonica.com\/index.php\/wp-json\/wp\/v2\/media?parent=7795"}],"wp:term":[{"taxonomy":"category","embeddable":true,"href":"https:\/\/politicapatagonica.com\/index.php\/wp-json\/wp\/v2\/categories?post=7795"},{"taxonomy":"post_tag","embeddable":true,"href":"https:\/\/politicapatagonica.com\/index.php\/wp-json\/wp\/v2\/tags?post=7795"}],"curies":[{"name":"wp","href":"https:\/\/api.w.org\/{rel}","templated":true}]}}