{"id":7790,"date":"2025-10-08T22:18:18","date_gmt":"2025-10-08T22:18:18","guid":{"rendered":"https:\/\/politicapatagonica.com\/?p=7790"},"modified":"2025-10-09T22:48:19","modified_gmt":"2025-10-09T22:48:19","slug":"alberto-weretilneck-hablo-sobre-la-detencion-de-fred-machado-y-apunto-contra-los-soria-politica-con-narcotrafico","status":"publish","type":"post","link":"https:\/\/politicapatagonica.com\/index.php\/2025\/10\/08\/alberto-weretilneck-hablo-sobre-la-detencion-de-fred-machado-y-apunto-contra-los-soria-politica-con-narcotrafico\/","title":{"rendered":"Alberto Weretilneck habl\u00f3 sobre la detenci\u00f3n de Fred Machado y apunt\u00f3 contra los Soria: &#8220;Pol\u00edtica con narcotr\u00e1fico&#8221;"},"content":{"rendered":"\n<p>Este mi\u00e9rcoles, en Viedma,&nbsp;<strong>el gobernador Alberto Weretilneck habl\u00f3 -por primera vez- de&nbsp;Federico \u201cFred\u201d Machado,<\/strong>&nbsp;el empresario con pedido de extradici\u00f3n de EE.UU., y sus v\u00ednculos con el caso.<\/p>\n\n\n\n<p><strong>Cont\u00f3 de una reuni\u00f3n -estim\u00f3 entre &#8220;ocho a diez a\u00f1os&#8221; atr\u00e1s- con \u00e9l porque estaba acompa\u00f1ando al Deportivo Viedma y le habl\u00f3 de una inversi\u00f3n en la Provincia<\/strong>,<strong>&nbsp;neg\u00f3 cualquier&nbsp;aporte de Machado&nbsp;a la campa\u00f1a de Juntos.<\/strong><\/p>\n\n\n\n<p>Manifest\u00f3 de&nbsp;<strong>tres permisos y dos en tr\u00e1mite de explotaci\u00f3n de canteras de arenas en favor de Claudio Ciccarelli,<\/strong>&nbsp;detallando el proceso administrativo para esas autorizaciones finales.<\/p>\n\n\n\n<p>Al final, como contrataque a las denuncias del diputado y primer candidato al Senado por Fuerza Patria, Mart\u00edn Soria, por las relaciones del gobierno provincial con Machado y Ciccarelli; Weretilneck sac\u00f3 dos fotos de su bolsillo para exhibirlas a los medios y afirm\u00f3 que:<strong>&nbsp;Se habl\u00f3 mucho de la pol\u00edtica y el narcotr\u00e1fico. Esta -mostrando las im\u00e1genes- es la verdadera vinculaci\u00f3n de la pol\u00edtica y el narcotr\u00e1fico en R\u00edo Negro, la relaci\u00f3n de la familia Soria con la familia Montecino.&nbsp;<\/strong>Eso es Soria y Montecino, una banda narco que tiene innumerables cantidades de asesinatos en Cipolletti.<\/p>\n\n\n\n<p>El mandatario confirm\u00f3 un encuentro con Machado hace varios a\u00f1os, 8 o 9 a\u00f1os&nbsp;<strong>a partir de un pedido del club Deportivo Viedma que &#8220;nos pide una entrevista para recibir un empresario&#8221;&nbsp;<\/strong>que estaba acompa\u00f1ando al Deportivo Viedma con sponsoreo, con los sueldos de los extranjeros.<\/p>\n\n\n\n<p>Explic\u00f3 que &#8220;nos piden de atenderlo y escucharlo&#8221; porque ten\u00eda intenciones de invertir en la provincia y aclar\u00f3 que<strong>&nbsp;no fue m\u00e1s de media hora y fue el \u00fanico contacto y la \u00fanica conversaci\u00f3n que hubo.<\/strong><\/p>\n\n\n\n<p><strong>&#8220;Quer\u00eda ver en qu\u00e9 se pod\u00eda invertir en la provincia&#8221; dijo sobre Machado, pero no pas\u00f3 m\u00e1s de una charla protocolar asegur\u00f3 Weretilnck.<\/strong><\/p>\n\n\n\n<p>No pudo recordar si en la reuni\u00f3n estuvo presente Claudio Ciccarelli, habr\u00eda que preguntarle a los que estaban y remarc\u00f3 que el primo de Machado fue empleado de la Secretar\u00eda de Deportes desde 2003 y como colaborador de Deportivo Viedma llev\u00f3 adelante distintas acciones en el club por eso&nbsp;<strong>los dirigentes nos plantearon que deje de prestar servicios en Deportes y que trabaje a tiempo completo en el club.<\/strong><\/p>\n\n\n\n<p>Por eso reconoci\u00f3 que la solicitud del club se hace la adscripci\u00f3n a la Legislatura y remarc\u00f3 que<strong>&nbsp;nunca hubo una relaci\u00f3n pol\u00edtica o personal con Machado<\/strong>, <strong>al tiempo que desminti\u00f3 aportes para la campa\u00f1a de 2019.<\/strong><\/p>\n\n\n\n<p>Sobre la participaci\u00f3n de Ciccarelli en la explotaci\u00f3n de canteras de arenas destinadas a la industria del petr\u00f3leo dijo que tiene permisos de tres canteras y dos en tr\u00e1mite y pidi\u00f3 dejar en claro que los permisos que est\u00e1n en el marco del C\u00f3digo de Procedimiento Minero.&nbsp;<strong>Ciccarelli tiene que cumplir esos requerimientos del c\u00f3digo como el resto de los empresarios y enumer\u00f3 los requisitos y dijo que produce menos del 1% de las arenas de R\u00edo Negro.<\/strong><\/p>\n\n\n\n<p><strong>Weretilneck no se mostr\u00f3 sorprendido por todo el tema vinculado a Machado,&nbsp;&#8220;m\u00e1s all\u00e1 por el impacto pol\u00edtico y medi\u00e1tico del candidato (Jos\u00e9 Luis) Espert.&nbsp;No m\u00e1s atenci\u00f3n que esa porque no hay ning\u00fan tipo de v\u00ednculo con la provincia de R\u00edo Negro.<\/strong><\/p>\n\n\n\n<p><strong>Fuente: www.rionegro.com.ar<\/strong><\/p>\n","protected":false},"excerpt":{"rendered":"<p>Este mi\u00e9rcoles, en Viedma,&nbsp;el gobernador Alberto Weretilneck habl\u00f3 -por primera vez- de&nbsp;Federico \u201cFred\u201d Machado,&nbsp;el empresario con pedido de extradici\u00f3n de EE.UU., y sus v\u00ednculos con el caso. Cont\u00f3 de una reuni\u00f3n -estim\u00f3 entre &#8220;ocho a diez a\u00f1os&#8221; atr\u00e1s- con \u00e9l porque estaba acompa\u00f1ando al Deportivo Viedma y le habl\u00f3 de una inversi\u00f3n en la Provincia,&nbsp;neg\u00f3 [&hellip;]<\/p>\n","protected":false},"author":5,"featured_media":7793,"comment_status":"open","ping_status":"open","sticky":false,"template":"","format":"standard","meta":[],"categories":[13],"tags":[],"_links":{"self":[{"href":"https:\/\/politicapatagonica.com\/index.php\/wp-json\/wp\/v2\/posts\/7790"}],"collection":[{"href":"https:\/\/politicapatagonica.com\/index.php\/wp-json\/wp\/v2\/posts"}],"about":[{"href":"https:\/\/politicapatagonica.com\/index.php\/wp-json\/wp\/v2\/types\/post"}],"author":[{"embeddable":true,"href":"https:\/\/politicapatagonica.com\/index.php\/wp-json\/wp\/v2\/users\/5"}],"replies":[{"embeddable":true,"href":"https:\/\/politicapatagonica.com\/index.php\/wp-json\/wp\/v2\/comments?post=7790"}],"version-history":[{"count":2,"href":"https:\/\/politicapatagonica.com\/index.php\/wp-json\/wp\/v2\/posts\/7790\/revisions"}],"predecessor-version":[{"id":7806,"href":"https:\/\/politicapatagonica.com\/index.php\/wp-json\/wp\/v2\/posts\/7790\/revisions\/7806"}],"wp:featuredmedia":[{"embeddable":true,"href":"https:\/\/politicapatagonica.com\/index.php\/wp-json\/wp\/v2\/media\/7793"}],"wp:attachment":[{"href":"https:\/\/politicapatagonica.com\/index.php\/wp-json\/wp\/v2\/media?parent=7790"}],"wp:term":[{"taxonomy":"category","embeddable":true,"href":"https:\/\/politicapatagonica.com\/index.php\/wp-json\/wp\/v2\/categories?post=7790"},{"taxonomy":"post_tag","embeddable":true,"href":"https:\/\/politicapatagonica.com\/index.php\/wp-json\/wp\/v2\/tags?post=7790"}],"curies":[{"name":"wp","href":"https:\/\/api.w.org\/{rel}","templated":true}]}}