{"id":7785,"date":"2025-10-08T22:04:19","date_gmt":"2025-10-08T22:04:19","guid":{"rendered":"https:\/\/politicapatagonica.com\/?p=7785"},"modified":"2025-10-08T22:05:26","modified_gmt":"2025-10-08T22:05:26","slug":"el-plan-de-desregulacion-de-milei-llega-a-neuquen-cuando-es-la-visita-de-sturzenegger","status":"publish","type":"post","link":"https:\/\/politicapatagonica.com\/index.php\/2025\/10\/08\/el-plan-de-desregulacion-de-milei-llega-a-neuquen-cuando-es-la-visita-de-sturzenegger\/","title":{"rendered":"El plan de desregulaci\u00f3n de Milei llega a Neuqu\u00e9n: cu\u00e1ndo es la visita de Sturzenegger"},"content":{"rendered":"\n<p>El ministro de Desregulaci\u00f3n y Transformaci\u00f3n del Estado,&nbsp;<strong>Federico Sturzenegger<\/strong>, visitar\u00e1&nbsp;<strong>Neuqu\u00e9n&nbsp;<\/strong>para mantener reuniones con&nbsp;<strong>c\u00e1maras empresariales<\/strong>&nbsp;y expondr\u00e1 sobre el&nbsp;<strong>plan nacional de desregulaci\u00f3n<\/strong>, eje central de su cartera, en una actividad organizada por&nbsp;<strong>La Libertad Avanza Neuqu\u00e9n<\/strong>.<\/p>\n\n\n\n<p>La actividad principal ser\u00e1 este<strong>&nbsp;viernes 10 de octubre a las 17:30<\/strong>&nbsp;en el&nbsp;<strong>Hotel Tower<\/strong>, ubicado en&nbsp;<strong>General Manuel Belgrano 174<\/strong>, organizada por&nbsp;<strong>La Libertad Avanza Neuqu\u00e9n<\/strong>.<\/p>\n\n\n\n<p>Seg\u00fan trascendi\u00f3,<strong> la visita de Sturzenegger <\/strong>era una actividad programada desde hace tiempo, pero que se fue reprogramando por cuestiones de agenda. En esta oportunidad, el funcionario nacional mantendr\u00e1 reuniones con distintas&nbsp;<strong>c\u00e1maras empresariales y referentes del sector privado<\/strong>.<\/p>\n\n\n\n<p>El eje de los encuentros ser\u00e1&nbsp;<strong>explicar en detalle el proceso de desregulaci\u00f3n<\/strong>&nbsp;que impulsa el gobierno nacional y los alcances de las reformas en marcha desde el Ministerio de Desregulaci\u00f3n y Transformaci\u00f3n del Estado.<\/p>\n\n\n\n<p>\u201cEs algo que viene encarando desde hace meses, con el objetivo de dar a conocer de qu\u00e9 se trata el famoso tema de las regulaciones y c\u00f3mo avanza el plan de simplificaci\u00f3n estatal\u201d, explicaron fuentes cercanas a la organizaci\u00f3n del evento.<\/p>\n\n\n\n<h2>El eje: la transformaci\u00f3n del Estado<\/h2>\n\n\n\n<p>Durante su presentaci\u00f3n, Sturzenegger abordar\u00e1 los principales lineamientos de la agenda que lleva adelante su cartera, centrada en&nbsp;<strong>reducir la burocracia, eliminar normativas obsoletas y simplificar tr\u00e1mites<\/strong>. El ministro ha sido una de las figuras clave en la elaboraci\u00f3n de los decretos de necesidad y urgencia (DNU) y en el dise\u00f1o de la llamada \u201cLey Bases\u201d, con la que el Ejecutivo busca transformar la estructura estatal.<\/p>\n\n\n\n<p>La charla se enmarca en una gira que el funcionario viene realizando por distintas provincias para&nbsp;<strong>dialogar con el sector productivo y explicar las metas del plan de desregulaci\u00f3n<\/strong>, uno de los pilares del gobierno de Javier Milei.<\/p>\n\n\n\n<h2>Un espacio de di\u00e1logo en Neuqu\u00e9n<\/h2>\n\n\n\n<p><strong>Desde la organizaci\u00f3n local de&nbsp;La Libertad Avanza Neuqu\u00e9n, destacaron que la presencia del ministro \u201crepresenta una oportunidad para que empresarios, profesionales y dirigentes de la regi\u00f3n conozcan de primera mano las transformaciones que se est\u00e1n impulsando desde el Estado nacional\u201d.<\/strong><\/p>\n\n\n\n<p>El evento ser\u00e1 de car\u00e1cter abierto, aunque con cupos limitados, y se espera una importante concurrencia tanto del \u00e1mbito econ\u00f3mico como pol\u00edtico.<\/p>\n\n\n\n<p><strong>Cu\u00e1ndo y d\u00f3nde<\/strong><\/p>\n\n\n\n<ul>\n<li><strong>Fecha:<\/strong>&nbsp;Viernes 10 de octubre<\/li>\n\n\n\n<li><strong>Hora:<\/strong>&nbsp;17:30<\/li>\n\n\n\n<li><strong>Lugar:<\/strong>&nbsp;Hotel Tower, Gral. Manuel Belgrano 174, Neuqu\u00e9n<\/li>\n<\/ul>\n\n\n\n<h2>Las visitas libertarias en la regi\u00f3n<\/h2>\n\n\n\n<p><strong>Bariloche y Neuqu\u00e9n<\/strong>&nbsp;son los puntos de desembarco por excelencia de todos los gobiernos, por una cuesti\u00f3n estrat\u00e9gica y tambi\u00e9n por la comunicaci\u00f3n a\u00e9rea. Por un lado, <strong>sin dudas Vaca Muerta e<\/strong>s una visita obligada para funcionarios y mandatarios por su importancia para el desarrollo econ\u00f3mico del pa\u00eds y por el otro, Bariloche como la ciudad m\u00e1s importante como marca por su perfil tur\u00edstico y conocida a nivel mundial.<\/p>\n\n\n\n<p>En junio del 2024, el ministro de Econom\u00eda,&nbsp;<strong>Luis Caputo,<\/strong>&nbsp;recorri\u00f3 Vaca Muerta junto al presidente de YPF y el gobernador de Neuqu\u00e9n, <strong>Rolando Figueroa.<\/strong><\/p>\n\n\n\n<p>El 30 de noviembre del 2024,&nbsp;<strong>Mart\u00edn Menem<\/strong>, presidente de la C\u00e1mara de Diputados, lleg\u00f3 a Neuqu\u00e9n y tambi\u00e9n visit\u00f3 Cipolletti en territorio rionegrino. Ese mismo d\u00eda, la hermana del presidente,&nbsp;<strong>Karina Milei<\/strong>, estuvo en el lanzamiento de La Libertad Avanza en Neuqu\u00e9n capital, junto a Menem.<\/p>\n\n\n\n<p>El 4 de noviembre de 2024, el ministro de Defensa&nbsp;<strong>Luis Petri<\/strong>&nbsp;y la ministra de Seguridad&nbsp;<strong>Patricia Bullrich<\/strong>&nbsp;visitaron Neuqu\u00e9n para reforzar la cooperaci\u00f3n entre el Ej\u00e9rcito y la Gendarmer\u00eda Nacional. Ambos recorrieron las instalaciones del Batall\u00f3n de Ingenieros de Monta\u00f1a VI del Ej\u00e9rcito Argentino, en Neuqu\u00e9n, con el objetivo de reforzar la cooperaci\u00f3n entre esta fuerza y la Gendarmer\u00eda Nacional para proteger los recursos gas\u00edferos e hidrocarbur\u00edferos de la regi\u00f3n.<\/p>\n\n\n\n<p><strong>Fuente: www.lmneuquen.com<\/strong><\/p>\n","protected":false},"excerpt":{"rendered":"<p>El ministro de Desregulaci\u00f3n y Transformaci\u00f3n del Estado,&nbsp;Federico Sturzenegger, visitar\u00e1&nbsp;Neuqu\u00e9n&nbsp;para mantener reuniones con&nbsp;c\u00e1maras empresariales&nbsp;y expondr\u00e1 sobre el&nbsp;plan nacional de desregulaci\u00f3n, eje central de su cartera, en una actividad organizada por&nbsp;La Libertad Avanza Neuqu\u00e9n. La actividad principal ser\u00e1 este&nbsp;viernes 10 de octubre a las 17:30&nbsp;en el&nbsp;Hotel Tower, ubicado en&nbsp;General Manuel Belgrano 174, organizada por&nbsp;La Libertad Avanza [&hellip;]<\/p>\n","protected":false},"author":5,"featured_media":7788,"comment_status":"open","ping_status":"open","sticky":false,"template":"","format":"standard","meta":[],"categories":[9],"tags":[],"_links":{"self":[{"href":"https:\/\/politicapatagonica.com\/index.php\/wp-json\/wp\/v2\/posts\/7785"}],"collection":[{"href":"https:\/\/politicapatagonica.com\/index.php\/wp-json\/wp\/v2\/posts"}],"about":[{"href":"https:\/\/politicapatagonica.com\/index.php\/wp-json\/wp\/v2\/types\/post"}],"author":[{"embeddable":true,"href":"https:\/\/politicapatagonica.com\/index.php\/wp-json\/wp\/v2\/users\/5"}],"replies":[{"embeddable":true,"href":"https:\/\/politicapatagonica.com\/index.php\/wp-json\/wp\/v2\/comments?post=7785"}],"version-history":[{"count":2,"href":"https:\/\/politicapatagonica.com\/index.php\/wp-json\/wp\/v2\/posts\/7785\/revisions"}],"predecessor-version":[{"id":7789,"href":"https:\/\/politicapatagonica.com\/index.php\/wp-json\/wp\/v2\/posts\/7785\/revisions\/7789"}],"wp:featuredmedia":[{"embeddable":true,"href":"https:\/\/politicapatagonica.com\/index.php\/wp-json\/wp\/v2\/media\/7788"}],"wp:attachment":[{"href":"https:\/\/politicapatagonica.com\/index.php\/wp-json\/wp\/v2\/media?parent=7785"}],"wp:term":[{"taxonomy":"category","embeddable":true,"href":"https:\/\/politicapatagonica.com\/index.php\/wp-json\/wp\/v2\/categories?post=7785"},{"taxonomy":"post_tag","embeddable":true,"href":"https:\/\/politicapatagonica.com\/index.php\/wp-json\/wp\/v2\/tags?post=7785"}],"curies":[{"name":"wp","href":"https:\/\/api.w.org\/{rel}","templated":true}]}}