{"id":7776,"date":"2025-10-06T22:27:47","date_gmt":"2025-10-06T22:27:47","guid":{"rendered":"https:\/\/politicapatagonica.com\/?p=7776"},"modified":"2025-10-07T17:02:33","modified_gmt":"2025-10-07T17:02:33","slug":"ravier-sobre-espert-hemos-perdido-una-figura-importante","status":"publish","type":"post","link":"https:\/\/politicapatagonica.com\/index.php\/2025\/10\/06\/ravier-sobre-espert-hemos-perdido-una-figura-importante\/","title":{"rendered":"Candidato a diputado nacional por La Pampa lament\u00f3 que con la renuncia de Espert &#8220;hemos perdido una figura importante&#8221;"},"content":{"rendered":"\n<p><strong>Adri\u00e1n Ravier<\/strong>, el candidato a diputado nacional de La Libertad Avanza por La Pampa, se posicion\u00f3 a favor de&nbsp;<strong>Jos\u00e9 Luis Espert<\/strong>&nbsp;y lament\u00f3 su renuncia a la candidatura en la Provincia de Buenos Aires, salpicado por las acusaciones que lo vinculan al supuesto narco Fred Machado.<\/p>\n\n\n\n<p><strong>&#8220;Hemos perdido una figura importante por lo que es como liberal y como intelectual&#8221;<\/strong>, dijo Ravier este lunes.<\/p>\n\n\n\n<p>A su vez,<strong> asegur\u00f3 que la salida de Espert es &#8220;una manera de demostrar que no somos lo mismo&#8221;. &#8220;Es importante correrlo ante la duda y que eventualmente \u00e9l demuestre que es transparente para volver al partido y aportar desde su espacio&#8221;,<\/strong> agreg\u00f3.<\/p>\n\n\n\n<p>Adem\u00e1s, Ravier analiz\u00f3 que en La Pampa la elecci\u00f3n se ve&nbsp;<strong>&#8220;muy polarizada&#8221;<\/strong>&nbsp;entre LLA y el peronismo. &#8220;<strong>La UCR est\u00e1 muy disminuida<\/strong> y despu\u00e9s hay dos partidos de izquierda medio comunistas (sic). Tenemos una posibilidad de ganar, venimos muy bien y con la esperanza de obtener las dos bancas&#8221;, remarc\u00f3.<\/p>\n\n\n\n<p><strong>Consultado sobre el impacto del anuncio de las retenciones cero, que terminaron favoreciendo a las grandes exportadoras en detrimento de los productores, dijo que &#8220;estamos muy bien, el campo est\u00e1 celebrando todos los avances que hubo en el agro, la ganader\u00eda y los l\u00e1cteos&#8221;.<\/strong><\/p>\n\n\n\n<p><strong>Una de las medidas que destac\u00f3 fue &#8220;haber soltado el precio de la carne&#8221;<\/strong>. &#8220;Por ah\u00ed la gente que tiene que pagar m\u00e1s cara la carne nunca gusta, pero haber soltado el precio benefici\u00f3 a toda la cadena productiva y mejor\u00f3 la rentabilidad. Ha permitido tener feed lots en distintos lugares de La Pampa y algunos productores nos contaron que pudieron importar maquinaria&#8221;, explic\u00f3 Ravier .<\/p>\n\n\n\n<p>Dijo tambi\u00e9n que &#8220;soltar el precio de la leche mejor\u00f3 la rentabilidad de los tambos que ven\u00edan en crisis&#8221;.<\/p>\n\n\n\n<p>&#8220;Se habla mucho de la macro y la micro queda afuera, en las econom\u00edas regionales vemos que se est\u00e1 despertando el campo y est\u00e1 muy contento con la figura de Milei y las desregulaciones de Sturzenegger&#8221;, detall\u00f3, e insisti\u00f3 que en que &#8220;<strong>la baja de retenciones fue parcial en alg\u00fan momento pero tambi\u00e9n hay una baja definitiva<\/strong>. Hay mucho para celebrar en el campo, se est\u00e1 despertando la ganader\u00eda y en estos a\u00f1os vamos a ver m\u00e1s cabezas de ganado&#8221;.<\/p>\n\n\n\n<p>Tambi\u00e9n analiz\u00f3 el panorama econ\u00f3mico actual y destac\u00f3 que &#8220;hay un programa de estabilizaci\u00f3n que viene muy bien, bajando la inflaci\u00f3n y con ello la pobreza y la indigencia&#8221;.<\/p>\n\n\n\n<p>&#8220;La econom\u00eda sali\u00f3 del pozo en la que la dej\u00f3 el kirchnerismo, se fue recuperando en todo 2024 y hasta principios de este a\u00f1o. Luego vino esto que se llama &#8216;efecto kuka&#8217;, el Congreso hizo su juego y hubo un acierto de Kicillof en desdoblar la elecci\u00f3n.&nbsp;<strong>La figura de un Kicillof presidenciable asusta al mercado<\/strong>: si en Suiza o alg\u00fan pa\u00eds importante que hace las cosas bien pusi\u00e9ramos la posibilidad de un Kicillof presidente, har\u00edamos derrumbar al mercado&#8221;, ejemplific\u00f3.<\/p>\n\n\n\n<p>Finalmente, indic\u00f3 que la elecci\u00f3n &#8220;es importante&#8221; y anticip\u00f3 que &#8220;despu\u00e9s de octubre la cosa va a mejorar&#8221;.<\/p>\n\n\n\n<p><strong>&#8220;La actividad econ\u00f3mica se va a recuperar y es importante estar en el Congreso para apoyar las reformas que Milei propone para La Pampa. Y tambi\u00e9n mejorar la privatizaci\u00f3n de la obra p\u00fablica que es importante&#8221;, cerr\u00f3.<\/strong><\/p>\n\n\n\n<p><strong>Fuente: www.eldiariodelapampa.com.ar<\/strong><\/p>\n","protected":false},"excerpt":{"rendered":"<p>Adri\u00e1n Ravier, el candidato a diputado nacional de La Libertad Avanza por La Pampa, se posicion\u00f3 a favor de&nbsp;Jos\u00e9 Luis Espert&nbsp;y lament\u00f3 su renuncia a la candidatura en la Provincia de Buenos Aires, salpicado por las acusaciones que lo vinculan al supuesto narco Fred Machado. &#8220;Hemos perdido una figura importante por lo que es como [&hellip;]<\/p>\n","protected":false},"author":5,"featured_media":7777,"comment_status":"open","ping_status":"open","sticky":false,"template":"","format":"standard","meta":[],"categories":[10],"tags":[],"_links":{"self":[{"href":"https:\/\/politicapatagonica.com\/index.php\/wp-json\/wp\/v2\/posts\/7776"}],"collection":[{"href":"https:\/\/politicapatagonica.com\/index.php\/wp-json\/wp\/v2\/posts"}],"about":[{"href":"https:\/\/politicapatagonica.com\/index.php\/wp-json\/wp\/v2\/types\/post"}],"author":[{"embeddable":true,"href":"https:\/\/politicapatagonica.com\/index.php\/wp-json\/wp\/v2\/users\/5"}],"replies":[{"embeddable":true,"href":"https:\/\/politicapatagonica.com\/index.php\/wp-json\/wp\/v2\/comments?post=7776"}],"version-history":[{"count":2,"href":"https:\/\/politicapatagonica.com\/index.php\/wp-json\/wp\/v2\/posts\/7776\/revisions"}],"predecessor-version":[{"id":7781,"href":"https:\/\/politicapatagonica.com\/index.php\/wp-json\/wp\/v2\/posts\/7776\/revisions\/7781"}],"wp:featuredmedia":[{"embeddable":true,"href":"https:\/\/politicapatagonica.com\/index.php\/wp-json\/wp\/v2\/media\/7777"}],"wp:attachment":[{"href":"https:\/\/politicapatagonica.com\/index.php\/wp-json\/wp\/v2\/media?parent=7776"}],"wp:term":[{"taxonomy":"category","embeddable":true,"href":"https:\/\/politicapatagonica.com\/index.php\/wp-json\/wp\/v2\/categories?post=7776"},{"taxonomy":"post_tag","embeddable":true,"href":"https:\/\/politicapatagonica.com\/index.php\/wp-json\/wp\/v2\/tags?post=7776"}],"curies":[{"name":"wp","href":"https:\/\/api.w.org\/{rel}","templated":true}]}}