{"id":7769,"date":"2025-10-06T22:21:39","date_gmt":"2025-10-06T22:21:39","guid":{"rendered":"https:\/\/politicapatagonica.com\/?p=7769"},"modified":"2025-10-07T16:57:51","modified_gmt":"2025-10-07T16:57:51","slug":"torres-pidio-endurecer-las-penas-por-abigeato-porque-no-puede-ser-que-el-delincuente-que-roba-ganado-quede-libre-a-la-semana","status":"publish","type":"post","link":"https:\/\/politicapatagonica.com\/index.php\/2025\/10\/06\/torres-pidio-endurecer-las-penas-por-abigeato-porque-no-puede-ser-que-el-delincuente-que-roba-ganado-quede-libre-a-la-semana\/","title":{"rendered":"Torres pidi\u00f3 &#8220;endurecer las penas por abigeato, porque no puede ser que el delincuente que roba ganado quede libre a la semana&#8221;"},"content":{"rendered":"\n<p>Durante su discurso, Torres expres\u00f3 su orgullo por &#8220;el compromiso y la vocaci\u00f3n de trabajo de los productores, que son parte esencial de la identidad chubutense&#8221;. En ese sentido, <strong>sostuvo que &#8220;nuestros productores hacen patria todos los d\u00edas, y eso es lo que somos los chubutenses: producci\u00f3n, trabajo y cultura. Tenemos que reivindicar esa identidad d\u00eda a d\u00eda y demostrarle al pa\u00eds que vamos a defendernos siempre, cueste lo que cueste&#8221;.<\/strong><br>En un contexto econ\u00f3mico adverso, el mandatario destac\u00f3 que &#8220;a pesar de las dificultades y de la falta de acompa\u00f1amiento nacional, en Chubut seguimos sosteniendo al sector con decisiones concretas, como la exenci\u00f3n del Impuesto Inmobiliario Rural y la inversi\u00f3n en infraestructura productiva&#8221;.<br>Asimismo, puso en valor la tarea de<strong> la ministra de Producci\u00f3n, Laura Mirantes, que pelea espalda con espalda por el levantamiento de la Barrera Sanitaria Patag\u00f3nica, una causa que afecta a todos los productores del sur del pa\u00eds. Tambi\u00e9n reconoci\u00f3 &#8220;el trabajo del INTA y de todos los t\u00e9cnicos que generan impacto social y productivo en las familias rurales&#8221;,<\/strong> y agradeci\u00f3 a la diputada nacional Ana Clara Romero por haber frenado una medida nacional que habr\u00eda perjudicado gravemente al campo chubutense. El Gobernador anticip\u00f3 adem\u00e1s la creaci\u00f3n de una mesa de trabajo entre la Provincia, el Municipio y los productores para atender temas vinculados al mantenimiento de caminos rurales. <strong>Con el retiro de partidas de Vialidad Nacional, la AVP asumi\u00f3 muchas tareas adicionales, pero seguimos colaborando para alcanzar un punto de equilibrio y sostener la producci\u00f3n, <\/strong>explic\u00f3.<\/p>\n\n\n\n<p>CONDENAS MAS FIRMES Y FIN A LAS USURPACIONES<br><strong>Torres se refiri\u00f3 adem\u00e1s a la necesidad de endurecer las penas por abigeato, porque no puede ser que un delincuente que roba ganado quede libre a la semana. <\/strong>En esa l\u00ednea, remarc\u00f3 que <strong>&#8220;vamos a impulsar una modificaci\u00f3n del C\u00f3digo Penal para que el abigeato tenga penas ejemplares. Ya hay antecedentes en la Justicia chubutense que marcan el camino, y ese compromiso se va a sostener&#8221;.<\/strong><br>Sobre las usurpaciones de tierras, fue contundente al afirmar que no se pueden seguir romantizando. No son un problema de h\u00e1bitat, son un delito. Este Gobierno no va a permitir que se tome una tierra privada de un productor que se rompi\u00f3 la espalda toda la vida para crecer. Lo que est\u00e1 mal, est\u00e1 mal, y no tiene ideolog\u00eda ni color partidario.<br>En tant<strong>o, Reynaldo Zslapelis, celebr\u00f3 la participaci\u00f3n del Gobernador y subray\u00f3 que Chubut se encuentra muy bien posicionada a nivel nacional en materia bobina, gracias al esfuerzo de los caba\u00f1eros y trabajadores rurales que mantienen altos est\u00e1ndares de calidad.<\/strong><br>En esta trig\u00e9sima sexta exposici\u00f3n seguimos poniendo en valor la calidad gen\u00e9tica bovina de la regi\u00f3n, y el \u00e9xito que viene teniendo desde hace a\u00f1os en el circuito patag\u00f3nico, concluy\u00f3 Zslapelis.<\/p>\n\n\n\n<p><strong>Fuente: www.elchubut.com.ar<\/strong><\/p>\n","protected":false},"excerpt":{"rendered":"<p>Durante su discurso, Torres expres\u00f3 su orgullo por &#8220;el compromiso y la vocaci\u00f3n de trabajo de los productores, que son parte esencial de la identidad chubutense&#8221;. En ese sentido, sostuvo que &#8220;nuestros productores hacen patria todos los d\u00edas, y eso es lo que somos los chubutenses: producci\u00f3n, trabajo y cultura. Tenemos que reivindicar esa identidad [&hellip;]<\/p>\n","protected":false},"author":5,"featured_media":7774,"comment_status":"open","ping_status":"open","sticky":false,"template":"","format":"standard","meta":[],"categories":[14],"tags":[],"_links":{"self":[{"href":"https:\/\/politicapatagonica.com\/index.php\/wp-json\/wp\/v2\/posts\/7769"}],"collection":[{"href":"https:\/\/politicapatagonica.com\/index.php\/wp-json\/wp\/v2\/posts"}],"about":[{"href":"https:\/\/politicapatagonica.com\/index.php\/wp-json\/wp\/v2\/types\/post"}],"author":[{"embeddable":true,"href":"https:\/\/politicapatagonica.com\/index.php\/wp-json\/wp\/v2\/users\/5"}],"replies":[{"embeddable":true,"href":"https:\/\/politicapatagonica.com\/index.php\/wp-json\/wp\/v2\/comments?post=7769"}],"version-history":[{"count":1,"href":"https:\/\/politicapatagonica.com\/index.php\/wp-json\/wp\/v2\/posts\/7769\/revisions"}],"predecessor-version":[{"id":7775,"href":"https:\/\/politicapatagonica.com\/index.php\/wp-json\/wp\/v2\/posts\/7769\/revisions\/7775"}],"wp:featuredmedia":[{"embeddable":true,"href":"https:\/\/politicapatagonica.com\/index.php\/wp-json\/wp\/v2\/media\/7774"}],"wp:attachment":[{"href":"https:\/\/politicapatagonica.com\/index.php\/wp-json\/wp\/v2\/media?parent=7769"}],"wp:term":[{"taxonomy":"category","embeddable":true,"href":"https:\/\/politicapatagonica.com\/index.php\/wp-json\/wp\/v2\/categories?post=7769"},{"taxonomy":"post_tag","embeddable":true,"href":"https:\/\/politicapatagonica.com\/index.php\/wp-json\/wp\/v2\/tags?post=7769"}],"curies":[{"name":"wp","href":"https:\/\/api.w.org\/{rel}","templated":true}]}}