{"id":7761,"date":"2025-10-03T22:47:08","date_gmt":"2025-10-03T22:47:08","guid":{"rendered":"https:\/\/politicapatagonica.com\/?p=7761"},"modified":"2025-10-06T16:31:19","modified_gmt":"2025-10-06T16:31:19","slug":"la-linea-fundadora-del-mapo-se-despego-del-apoyo-a-sapag-y-ratifico-su-lealtad-a-figueroa","status":"publish","type":"post","link":"https:\/\/politicapatagonica.com\/index.php\/2025\/10\/03\/la-linea-fundadora-del-mapo-se-despego-del-apoyo-a-sapag-y-ratifico-su-lealtad-a-figueroa\/","title":{"rendered":"Grietas en el MPN de Neuqu\u00e9n: la l\u00ednea fundadora del MAPO se despeg\u00f3 del apoyo a Sapag y ratific\u00f3 su lealtad al gobernador Figueroa"},"content":{"rendered":"\n<p>La interna del<strong>&nbsp;Movimiento Popular Neuquino (MPN)&nbsp;sigue mostrando grietas en la antesala de las elecciones legislativas del 26 de octubre.<\/strong> Pocos d\u00edas despu\u00e9s de que un sector del&nbsp;<strong class=\"\">Movimiento de Acci\u00f3n Pol\u00edtica (MAPO)<\/strong>, encabezado por el hist\u00f3rico dirigente <strong>Rodolfo Laffitte,<\/strong> hiciera p\u00fablico su respaldo a la candidata a senadora por&nbsp;<strong>Fuerza Patria<\/strong>,&nbsp;S<strong>ilvia Sapag<\/strong>, la respuesta no se hizo esperar. La l\u00ednea fundadora de la misma agrupaci\u00f3n emiti\u00f3 un contundente documento para despegarse de esa decisi\u00f3n y reafirmar, sin matices, su total alineamiento&nbsp;<strong>con el gobernador&nbsp;Rolando Figueroa&nbsp;y su proyecto de &#8220;La Neuquinidad&#8221;.<\/strong><\/p>\n\n\n\n<p>El pasado 25 de septiembre, Laffitte justific\u00f3 a este medio la reuni\u00f3n con<strong>&nbsp;la actual senadora Sapag, quien a\u00fan es afiliada al MPN<\/strong>&nbsp;pese a competir por el peronismo para renovar su banca, argumentando que la conducci\u00f3n del partido provincial &#8220;liber\u00f3 el tema&#8221; al no participar org\u00e1nicamente en los comicios. <strong>&#8220;Somos la \u00fanica agrupaci\u00f3n pol\u00edtica que se expresa&#8221;, <\/strong>declar\u00f3 Laffitte, enmarcando el encuentro como un &#8220;gesto simb\u00f3lico&#8221; hacia la<strong>&nbsp;hija de uno de los fundadores del partido,<\/strong>&nbsp;don&nbsp;<strong>Felipe Sapag.<\/strong><\/p>\n\n\n\n<p>Sin embargo, para otro grupo significativo dentro de la agrupaci\u00f3n, el gesto no fue simb\u00f3lico sino una desviaci\u00f3n del camino trazado. En un documento con fecha del 2 de octubre y firmado por &#8220;fundadores, integrantes y adherentes del MAPO&#8221;, se busc\u00f3 aclarar la naturaleza y el rumbo pol\u00edtico del espacio lo que dej\u00f3 en evidencia una clara divisi\u00f3n interna.<\/p>\n\n\n\n<h2><strong class=\"\">Entre el MPN y las voluntades individuales<\/strong><\/h2>\n\n\n\n<p>El comunicado de la l\u00ednea fundadora comienza con una definici\u00f3n tajante que parece ser una respuesta directa a la posici\u00f3n que tom\u00f3 el sector de Laffitte.&nbsp;<strong class=\"\">&#8220;Queremos aclarar que conformamos un espacio de pensamiento pol\u00edtico que no pertenece a persona, grupo, asociaci\u00f3n o conjunto de individuos que direccionen decisiones o voluntades de forma unilateral&#8221;<\/strong>, se\u00f1ala el texto. Con esta frase, buscaron invalidar la representatividad del encuentro con Sapag, sugiriendo que fue una acci\u00f3n particular y no una postura consensuada del MAPO en su conjunto.<\/p>\n\n\n\n<p>El documento profundiza en la identidad del movimiento, describi\u00e9ndolo como un &#8220;espacio pol\u00edtico de convocatoria y participaci\u00f3n abierta&#8221; que debate ideas dejando de lado los &#8220;colores sectoriales&#8221; para consolidar un &#8220;pensamiento plural&#8221;. Subrayan que&nbsp;<strong class=\"\">&#8220;MAPO no es una l\u00ednea interna, su lema es #SomosMPN&#8221;<\/strong>, remarcando su pertenencia al partido provincial pero con una misi\u00f3n clara desde sus inicios: rescatar las ra\u00edces hist\u00f3ricas y la vocaci\u00f3n de trabajar por los m\u00e1s necesitados bajo los principios de justicia social, independencia econ\u00f3mica y soberan\u00eda pol\u00edtica.<\/p>\n\n\n\n<p><strong>En su recorrido hist\u00f3rico, los firmantes recuerdan el rol definitorio que jug\u00f3 el MAPO en el triunfo electoral de 1986, defendiendo la &#8220;identidad neuquina&#8221;. Este punto es crucial, ya que trazan una l\u00ednea de coherencia pol\u00edtica que, seg\u00fan ellos, los llev\u00f3 a tomar decisiones clave en momentos de crisis partidaria.<\/strong> Ante lo que describen como el &#8220;deterioro e inacci\u00f3n que sufr\u00eda el partido&#8221;, sostuvieron la candidatura a diputado nacional de&nbsp;<strong class=\"\">Rolando Figueroa<\/strong>&nbsp;en 2017. Este fue, seg\u00fan el documento, el punto de partida para &#8220;abrir camino a la participaci\u00f3n y democratizaci\u00f3n de la representaci\u00f3n pol\u00edtica interna&#8221;.<\/p>\n\n\n\n<h2><strong class=\"\">El aval a &#8220;La Neuquinidad&#8221; como \u00fanico camino<\/strong><\/h2>\n\n\n\n<p>El comunicado dej\u00f3 en claro cu\u00e1l es el proyecto pol\u00edtico que este sector del MAPO respalda en la actualidad. Afirman que, ante la posibilidad de una &#8220;elecci\u00f3n ama\u00f1ada&#8221;, el MAPO aval\u00f3 en 2023 al frente Neuquinidad, describi\u00e9ndolo como&nbsp;<strong class=\"\">&#8220;una estrategia electoral que llev\u00f3 a Rolando Figueroa a ocupar el cargo de Gobernador de nuestra Provincia, por representar un proyecto pol\u00edtico que recupera los valores hist\u00f3ricos de nuestro Movimiento Popular Neuquino&#8221;<\/strong>.<\/p>\n\n\n\n<p><strong>Para los fundadores, el pensamiento de Figueroa es la encarnaci\u00f3n de un &#8220;aut\u00e9ntico Federalismo pol\u00edtico econ\u00f3mico&#8221;, <\/strong>orientado al desarrollo de la provincia a trav\u00e9s del aprovechamiento de sus propias riquezas y la promoci\u00f3n del turismo y la industria. Esta visi\u00f3n es la que los lleva a su declaraci\u00f3n final:&nbsp;<strong class=\"\">&#8220;Reafirmamos nuestra convicci\u00f3n de avalar el proyecto pol\u00edtico, popular y neuquino que encarna el frente La Neuquinidad&#8221;<\/strong>.<\/p>\n\n\n\n<p><strong>Seg\u00fan explicaron, este respaldo tiene como objetivo &#8220;transformar la realidad neuquina desde la escena nacional&#8221;. Aunque los firmantes recordaron las banderas de independencia econ\u00f3mica, soberan\u00eda pol\u00edtica y justicia social y sentaron postura contra &#8220;el proyecto pol\u00edtico nacional gobernante&#8221;, <\/strong>dos pautas que podr\u00edan acercarlos al pensamiento de Silvia Sapag, consideraron que es el frente liderado por Rolando Figueroa el que puede sostener la identidad provincial frente a un oficialismo nacional que &#8220;<strong>atenta permanentemente nuestros recursos y el bienestar de nuestra gente&#8221;.<\/strong><\/p>\n\n\n\n<p>El documento, firmado por decenas de adherentes,&nbsp;<strong>no menciona directamente a Silvia Sapag ni a Rodolfo Laffitte.<\/strong>&nbsp;No obstante, el mensaje es inequ\u00edvoco: mientras un sector del MAPO se siente en &#8220;libertad de acci\u00f3n&#8221; para dialogar y apoyar a candidatos de otras fuerzas partidarias, la l\u00ednea fundadora considera que la lealtad del movimiento ya fue comprometida con el proyecto que llev\u00f3 a Rolando Figueroa a la gobernaci\u00f3n.<\/p>\n\n\n\n<p><strong>Entre las firmas se cuentan las de Federico Brollo, Julio Falletti, Naldo Labr\u00edn, Juan Carlos Bolan, Sergio Far\u00edas y Jos\u00e9 Oser, entre otros hist\u00f3ricos referentes de la organizaci\u00f3n ligada al MPN.<\/strong><\/p>\n\n\n\n<p>La fractura entre los integrantes del MAPO es tambi\u00e9n una se\u00f1al de la compleja reconfiguraci\u00f3n de fuerzas dentro de un MPN. Tras la derrota del 2023 y al haber decidido no presentar candidatos en estas elecciones legislativas 2025, crece la incertidumbre sobre los lineamientos que tomar\u00e1n sus militantes hacia el futuro.<\/p>\n\n\n\n<p><strong>Fuente: www.lmneuquen.com<\/strong><\/p>\n","protected":false},"excerpt":{"rendered":"<p>La interna del&nbsp;Movimiento Popular Neuquino (MPN)&nbsp;sigue mostrando grietas en la antesala de las elecciones legislativas del 26 de octubre. Pocos d\u00edas despu\u00e9s de que un sector del&nbsp;Movimiento de Acci\u00f3n Pol\u00edtica (MAPO), encabezado por el hist\u00f3rico dirigente Rodolfo Laffitte, hiciera p\u00fablico su respaldo a la candidata a senadora por&nbsp;Fuerza Patria,&nbsp;Silvia Sapag, la respuesta no se hizo [&hellip;]<\/p>\n","protected":false},"author":5,"featured_media":7762,"comment_status":"open","ping_status":"open","sticky":false,"template":"","format":"standard","meta":[],"categories":[9],"tags":[],"_links":{"self":[{"href":"https:\/\/politicapatagonica.com\/index.php\/wp-json\/wp\/v2\/posts\/7761"}],"collection":[{"href":"https:\/\/politicapatagonica.com\/index.php\/wp-json\/wp\/v2\/posts"}],"about":[{"href":"https:\/\/politicapatagonica.com\/index.php\/wp-json\/wp\/v2\/types\/post"}],"author":[{"embeddable":true,"href":"https:\/\/politicapatagonica.com\/index.php\/wp-json\/wp\/v2\/users\/5"}],"replies":[{"embeddable":true,"href":"https:\/\/politicapatagonica.com\/index.php\/wp-json\/wp\/v2\/comments?post=7761"}],"version-history":[{"count":2,"href":"https:\/\/politicapatagonica.com\/index.php\/wp-json\/wp\/v2\/posts\/7761\/revisions"}],"predecessor-version":[{"id":7768,"href":"https:\/\/politicapatagonica.com\/index.php\/wp-json\/wp\/v2\/posts\/7761\/revisions\/7768"}],"wp:featuredmedia":[{"embeddable":true,"href":"https:\/\/politicapatagonica.com\/index.php\/wp-json\/wp\/v2\/media\/7762"}],"wp:attachment":[{"href":"https:\/\/politicapatagonica.com\/index.php\/wp-json\/wp\/v2\/media?parent=7761"}],"wp:term":[{"taxonomy":"category","embeddable":true,"href":"https:\/\/politicapatagonica.com\/index.php\/wp-json\/wp\/v2\/categories?post=7761"},{"taxonomy":"post_tag","embeddable":true,"href":"https:\/\/politicapatagonica.com\/index.php\/wp-json\/wp\/v2\/tags?post=7761"}],"curies":[{"name":"wp","href":"https:\/\/api.w.org\/{rel}","templated":true}]}}