{"id":7755,"date":"2025-10-03T22:31:00","date_gmt":"2025-10-03T22:31:00","guid":{"rendered":"https:\/\/politicapatagonica.com\/?p=7755"},"modified":"2025-10-06T16:25:38","modified_gmt":"2025-10-06T16:25:38","slug":"vuoto-entrego-20-titulos-de-propiedad-a-familias-de-ushuaia","status":"publish","type":"post","link":"https:\/\/politicapatagonica.com\/index.php\/2025\/10\/03\/vuoto-entrego-20-titulos-de-propiedad-a-familias-de-ushuaia\/","title":{"rendered":"El intendente Walter Vuoto entreg\u00f3 20 t\u00edtulos de propiedad a familias de Ushuaia"},"content":{"rendered":"\n<p><br>El intendente de Ushuaia, Walter Vuoto, encabez\u00f3 la entrega de 20 t\u00edtulos de propiedad a vecinos de distintos sectores de la ciudad, quienes de esta manera pudieron regularizar su situaci\u00f3n dominial.<\/p>\n\n\n\n<p>El acto se realiz\u00f3 en el edificio municipal de calle Arturo Coronado y cont\u00f3 con la presencia del jefe de Gabinete, Sebasti\u00e1n Iriarte; la secretaria de H\u00e1bitat y Ordenamiento Territorial, Lorena Henriques Sanches y la escribana municipal, Pamela Demart\u00edn.<\/p>\n\n\n\n<p>\u201cA pedido del intendente Vuoto continuamos regularizando la situaci\u00f3n dominial de los vecinos y vecinas que culminan sus tr\u00e1mites administrativos en las diferentes secretar\u00edas de la Municipalidad\u201d, destac\u00f3 Demart\u00edn.<\/p>\n\n\n\n<p>Asimismo, confirm\u00f3 que \u201ca partir de ahora los terrenos quedan registrados a nombre de los adjudicatarios, quienes previamente hab\u00edan recibido el decreto municipal y estaban en condiciones de escriturar\u201d.<\/p>\n\n\n\n<p>Finalmente, Demart\u00edn asegur\u00f3 que \u201cvamos a seguir trabajando para que m\u00e1s familias de la ciudad puedan regularizar su situaci\u00f3n y acceder a la propiedad de la tierra en la que habitan\u201d.<\/p>\n\n\n\n<p><strong>Fuente: www.eldiariodelfindelmundo.com<\/strong><\/p>\n","protected":false},"excerpt":{"rendered":"<p>El intendente de Ushuaia, Walter Vuoto, encabez\u00f3 la entrega de 20 t\u00edtulos de propiedad a vecinos de distintos sectores de la ciudad, quienes de esta manera pudieron regularizar su situaci\u00f3n dominial. El acto se realiz\u00f3 en el edificio municipal de calle Arturo Coronado y cont\u00f3 con la presencia del jefe de Gabinete, Sebasti\u00e1n Iriarte; la [&hellip;]<\/p>\n","protected":false},"author":5,"featured_media":7757,"comment_status":"open","ping_status":"open","sticky":false,"template":"","format":"standard","meta":[],"categories":[11],"tags":[],"_links":{"self":[{"href":"https:\/\/politicapatagonica.com\/index.php\/wp-json\/wp\/v2\/posts\/7755"}],"collection":[{"href":"https:\/\/politicapatagonica.com\/index.php\/wp-json\/wp\/v2\/posts"}],"about":[{"href":"https:\/\/politicapatagonica.com\/index.php\/wp-json\/wp\/v2\/types\/post"}],"author":[{"embeddable":true,"href":"https:\/\/politicapatagonica.com\/index.php\/wp-json\/wp\/v2\/users\/5"}],"replies":[{"embeddable":true,"href":"https:\/\/politicapatagonica.com\/index.php\/wp-json\/wp\/v2\/comments?post=7755"}],"version-history":[{"count":2,"href":"https:\/\/politicapatagonica.com\/index.php\/wp-json\/wp\/v2\/posts\/7755\/revisions"}],"predecessor-version":[{"id":7766,"href":"https:\/\/politicapatagonica.com\/index.php\/wp-json\/wp\/v2\/posts\/7755\/revisions\/7766"}],"wp:featuredmedia":[{"embeddable":true,"href":"https:\/\/politicapatagonica.com\/index.php\/wp-json\/wp\/v2\/media\/7757"}],"wp:attachment":[{"href":"https:\/\/politicapatagonica.com\/index.php\/wp-json\/wp\/v2\/media?parent=7755"}],"wp:term":[{"taxonomy":"category","embeddable":true,"href":"https:\/\/politicapatagonica.com\/index.php\/wp-json\/wp\/v2\/categories?post=7755"},{"taxonomy":"post_tag","embeddable":true,"href":"https:\/\/politicapatagonica.com\/index.php\/wp-json\/wp\/v2\/tags?post=7755"}],"curies":[{"name":"wp","href":"https:\/\/api.w.org\/{rel}","templated":true}]}}