{"id":7754,"date":"2025-10-03T22:31:37","date_gmt":"2025-10-03T22:31:37","guid":{"rendered":"https:\/\/politicapatagonica.com\/?p=7754"},"modified":"2025-10-06T16:29:36","modified_gmt":"2025-10-06T16:29:36","slug":"maquieyra-cuestiona-la-gestion-de-milei-y-pide-que-el-pro-aporte-experiencia","status":"publish","type":"post","link":"https:\/\/politicapatagonica.com\/index.php\/2025\/10\/03\/maquieyra-cuestiona-la-gestion-de-milei-y-pide-que-el-pro-aporte-experiencia\/","title":{"rendered":"Diputado pampeano cuestiona la gesti\u00f3n de Milei y pide que el PRO aporte experiencia"},"content":{"rendered":"\n<p><strong>El diputado nacional pampeano Mart\u00edn Maquieyra (PRO) critic\u00f3 la gesti\u00f3n del gobierno de Javier Milei: apunt\u00f3 a la inexperiencia de sus funcionarios y la falta de claridad en \u00e1reas clave como la obra p\u00fablica.<\/strong><\/p>\n\n\n\n<p>Maquieyra, que apoy\u00f3 todas las iniciativas legislativas del gobierno libertario, ahora cuestion\u00f3 a Milei, d\u00edas antes del encuentro entre el presidente y el presidente del PRO, Mauricio Macri.<\/p>\n\n\n\n<p>El legislador consider\u00f3 que el gobierno libertario debe &#8220;rever la cuesti\u00f3n de la obra p\u00fablica porque el privado no la va a hacer&#8221;. Subray\u00f3 que, <strong>a pesar de las &#8220;buenas medidas con respecto a la inflaci\u00f3n&#8221;, la econom\u00eda a\u00fan no logra ordenarse y la debilidad de divisas sigue siendo un problema estructural.<\/strong><\/p>\n\n\n\n<p>Maquieyra dispar\u00f3 directamente contra el equipo de La Libertad Avanza,<strong> afirmando que varios de sus funcionarios y referentes &#8220;no han estado a la altura de las circunstancias&#8221;<\/strong>. Esta falta de gesti\u00f3n, seg\u00fan el piquense, se ve reflejada en la dificultad del Ejecutivo para alcanzar acuerdos pol\u00edticos con gobernadores y en el Congreso.<\/p>\n\n\n\n<p>&#8220;<strong>El gobierno tuvo un primer a\u00f1o sacando un mont\u00f3n de iniciativas,<\/strong> pero este a\u00f1o no logr\u00f3 mantener esos acuerdos. Creo que es fruto de que varios funcionarios o referentes no han estado a la altura de las circunstancias&#8221;, sentenci\u00f3 Maquieyra en di\u00e1logo con FM L\u00e1ser de General Pico.<\/p>\n\n\n\n<p>El diputado nacional destac\u00f3 que el PRO tiene una experiencia que podr\u00eda aportar al gobierno nacional, especialmente en \u00e1reas donde el rumbo a\u00fan es incierto.<\/p>\n\n\n\n<p><strong>&#8220;El PRO le puede aportar experiencia de gesti\u00f3n, por ejemplo, de transporte y obra p\u00fablica. Es algo que el gobierno no ha demostrado todav\u00eda para d\u00f3nde va&#8221;, dijo, y record\u00f3 que, tanto a nivel nacional como en la Ciudad de Buenos Aires, el PRO tiene antecedentes de llevar adelante avances en obras.<\/strong><\/p>\n\n\n\n<p>Finalmente, Maquieyra insisti\u00f3 en que Milei debe &#8220;fortalecer sus alianzas y coaliciones&#8221;, ya que el quiebre con socios del a\u00f1o pasado demuestra que el gobierno debe &#8220;volver a encauzar esos acuerdos&#8221; para consolidar su fuerza pol\u00edtica y evitar futuros traspi\u00e9s legislativos.<\/p>\n\n\n\n<p><strong>Fuente: www.eldiariodelapampa.com.ar<\/strong><\/p>\n","protected":false},"excerpt":{"rendered":"<p>El diputado nacional pampeano Mart\u00edn Maquieyra (PRO) critic\u00f3 la gesti\u00f3n del gobierno de Javier Milei: apunt\u00f3 a la inexperiencia de sus funcionarios y la falta de claridad en \u00e1reas clave como la obra p\u00fablica. Maquieyra, que apoy\u00f3 todas las iniciativas legislativas del gobierno libertario, ahora cuestion\u00f3 a Milei, d\u00edas antes del encuentro entre el presidente [&hellip;]<\/p>\n","protected":false},"author":5,"featured_media":7756,"comment_status":"open","ping_status":"open","sticky":false,"template":"","format":"standard","meta":[],"categories":[10],"tags":[],"_links":{"self":[{"href":"https:\/\/politicapatagonica.com\/index.php\/wp-json\/wp\/v2\/posts\/7754"}],"collection":[{"href":"https:\/\/politicapatagonica.com\/index.php\/wp-json\/wp\/v2\/posts"}],"about":[{"href":"https:\/\/politicapatagonica.com\/index.php\/wp-json\/wp\/v2\/types\/post"}],"author":[{"embeddable":true,"href":"https:\/\/politicapatagonica.com\/index.php\/wp-json\/wp\/v2\/users\/5"}],"replies":[{"embeddable":true,"href":"https:\/\/politicapatagonica.com\/index.php\/wp-json\/wp\/v2\/comments?post=7754"}],"version-history":[{"count":2,"href":"https:\/\/politicapatagonica.com\/index.php\/wp-json\/wp\/v2\/posts\/7754\/revisions"}],"predecessor-version":[{"id":7767,"href":"https:\/\/politicapatagonica.com\/index.php\/wp-json\/wp\/v2\/posts\/7754\/revisions\/7767"}],"wp:featuredmedia":[{"embeddable":true,"href":"https:\/\/politicapatagonica.com\/index.php\/wp-json\/wp\/v2\/media\/7756"}],"wp:attachment":[{"href":"https:\/\/politicapatagonica.com\/index.php\/wp-json\/wp\/v2\/media?parent=7754"}],"wp:term":[{"taxonomy":"category","embeddable":true,"href":"https:\/\/politicapatagonica.com\/index.php\/wp-json\/wp\/v2\/categories?post=7754"},{"taxonomy":"post_tag","embeddable":true,"href":"https:\/\/politicapatagonica.com\/index.php\/wp-json\/wp\/v2\/tags?post=7754"}],"curies":[{"name":"wp","href":"https:\/\/api.w.org\/{rel}","templated":true}]}}