{"id":7743,"date":"2025-10-02T23:02:16","date_gmt":"2025-10-02T23:02:16","guid":{"rendered":"https:\/\/politicapatagonica.com\/?p=7743"},"modified":"2025-10-03T20:19:31","modified_gmt":"2025-10-03T20:19:31","slug":"alicia-kirchner-denuncio-el-impacto-social-del-ajuste-y-pidio-mirar-la-realidad-en-su-totalidad","status":"publish","type":"post","link":"https:\/\/politicapatagonica.com\/index.php\/2025\/10\/02\/alicia-kirchner-denuncio-el-impacto-social-del-ajuste-y-pidio-mirar-la-realidad-en-su-totalidad\/","title":{"rendered":"Alicia Kirchner denunci\u00f3 el impacto social del ajuste y pidi\u00f3 mirar &#8220;la realidad en su totalidad&#8221;"},"content":{"rendered":"\n<p>Durante su intervenci\u00f3n en el Senado de la Naci\u00f3n, la senadora<strong>&nbsp;Alicia Kirchner<\/strong>&nbsp;(Unidad Ciudadana) expuso un&nbsp;<strong>an\u00e1lisis cr\u00edtico sobre el modelo econ\u00f3mico del Gobierno Nacional<\/strong>, con<strong>&nbsp;foco en el impacto de las tarifas<\/strong>,&nbsp;<strong>la pobreza y el desfinanciamiento de la salud<\/strong>&nbsp;y la&nbsp;<strong>educaci\u00f3n p\u00fablica<\/strong>. En un discurso con fuerte contenido territorial y social,<strong>&nbsp;reclam\u00f3 federalismo<\/strong>,<strong>&nbsp;transparencia&nbsp;<\/strong>y<strong>&nbsp;sensibilidad pol\u00edtica<\/strong>.<\/p>\n\n\n\n<p>La senadora present\u00f3 un informe elaborado junto a su equipo sobre las giras internacionales del presidente<strong>&nbsp;Javier Milei<\/strong>: \u201cAproximadamente 27,&nbsp;<strong>recorri\u00f3 447.000 kil\u00f3metros<\/strong>, cantidad de horas de vuelo casi 500, 496, cantidad de d\u00edas de vuelo 20. \u00bf<strong>Cu\u00e1ntas veces podr\u00eda haber recorrido la Argentina el Presidente<\/strong>? Unas<strong>&nbsp;120 veces<\/strong>. Imag\u00ednense haber llegado a cada provincia, ah\u00ed se hubiese enterado, por ejemplo,&nbsp;<strong>la importancia que tiene para nosotros la educaci\u00f3n p\u00fablica en nuestras universidades<\/strong>\u201d.<\/p>\n\n\n\n<p>Tambi\u00e9n destac\u00f3 el rol del&nbsp;<strong>Hospital Garrahan<\/strong>&nbsp;como referencia nacional en alta complejidad: \u201c<strong>Nuestras provincias est\u00e1n muy distantes de la alta complejidad y la tienen ac\u00e1 en el Hospital Garrahan<\/strong>. Por eso cuando se habla de n\u00fameros en lo que tiene que ver con el desarrollo humano, nos tiene que molestar y mucho,&nbsp;<strong>es muy grave<\/strong>\u201d.<\/p>\n\n\n\n<p>Sobre el ajuste tarifario,&nbsp;<strong>Kirchner<\/strong>&nbsp;present\u00f3 datos alarmantes: \u201c<strong>Las tarifas de gas para la poblaci\u00f3n de bajos ingresos subieron 1.931,35%<\/strong>. Las de ingresos medios,<strong>&nbsp;1.856%<\/strong>, y las de altos ingresos,&nbsp;<strong>1.192%<\/strong>. El IPC no tiene la ponderaci\u00f3n adecuada. Desde el&nbsp;<strong>a\u00f1o 2018<\/strong>&nbsp;que no se ha actualizado y lo estamos haciendo con la encuesta permanente de hogares del a\u00f1o 2004.&nbsp;<strong>Han pasado 20 a\u00f1os<\/strong>\u201d.<\/p>\n\n\n\n<p>\u201cEste trabajo que despu\u00e9s pido autorizaci\u00f3n para que se inserte muestra entre<strong>&nbsp;4 y 7 veces el incremento de las tarifas el\u00e9ctricas<\/strong>&nbsp;y entre&nbsp;<strong>12 y 20 veces las tarifas de gas<\/strong>. No es real que la pobreza haya descendido 21,3 puntos ni que 15 millones de personas hayan salido de esta situaci\u00f3n.&nbsp;<strong>No es serio que los gastos en servicios esenciales como luz, gas, agua y transporte no influyan en los c\u00e1lculos de pobreza e indigencia<\/strong>\u201d.<\/p>\n\n\n\n<p>La senadora tambi\u00e9n denunci\u00f3 que las universidades pagan tarifa plena en servicios p\u00fablicos: \u201cLo mismo que si fueran grandes contribuyentes. Me permit\u00ed dar estos ejemplos para tener una real dimensi\u00f3n de lo que estamos hablando.\u201d<\/p>\n\n\n\n<p>En el cierre de su intervenci\u00f3n, Kirchner advirti\u00f3: \u201cLa libertad avanza, \u00bf<strong>avanza c\u00f3mo<\/strong>? \u00bf<strong>Destruyendo el tejido social<\/strong>? \u00bf<strong>Empobreciendo a las mayor\u00edas<\/strong>? \u00bf<strong>No considerando la salud pedi\u00e1trica<\/strong>? \u00bf<strong>No considerando la educaci\u00f3n y nuestras universidades<\/strong>? Es muy duro lo que voy a decir, pero de seguir as\u00ed,<strong>&nbsp;la timba de Caputo puede ser la tumba del pueblo argentino<\/strong>\u201d.<\/p>\n\n\n\n<p><strong>Fuente: laopinionaustral.com.ar<\/strong><\/p>\n","protected":false},"excerpt":{"rendered":"<p>Durante su intervenci\u00f3n en el Senado de la Naci\u00f3n, la senadora&nbsp;Alicia Kirchner&nbsp;(Unidad Ciudadana) expuso un&nbsp;an\u00e1lisis cr\u00edtico sobre el modelo econ\u00f3mico del Gobierno Nacional, con&nbsp;foco en el impacto de las tarifas,&nbsp;la pobreza y el desfinanciamiento de la salud&nbsp;y la&nbsp;educaci\u00f3n p\u00fablica. En un discurso con fuerte contenido territorial y social,&nbsp;reclam\u00f3 federalismo,&nbsp;transparencia&nbsp;y&nbsp;sensibilidad pol\u00edtica. La senadora present\u00f3 un informe [&hellip;]<\/p>\n","protected":false},"author":5,"featured_media":7744,"comment_status":"open","ping_status":"open","sticky":false,"template":"","format":"standard","meta":[],"categories":[8],"tags":[],"_links":{"self":[{"href":"https:\/\/politicapatagonica.com\/index.php\/wp-json\/wp\/v2\/posts\/7743"}],"collection":[{"href":"https:\/\/politicapatagonica.com\/index.php\/wp-json\/wp\/v2\/posts"}],"about":[{"href":"https:\/\/politicapatagonica.com\/index.php\/wp-json\/wp\/v2\/types\/post"}],"author":[{"embeddable":true,"href":"https:\/\/politicapatagonica.com\/index.php\/wp-json\/wp\/v2\/users\/5"}],"replies":[{"embeddable":true,"href":"https:\/\/politicapatagonica.com\/index.php\/wp-json\/wp\/v2\/comments?post=7743"}],"version-history":[{"count":2,"href":"https:\/\/politicapatagonica.com\/index.php\/wp-json\/wp\/v2\/posts\/7743\/revisions"}],"predecessor-version":[{"id":7753,"href":"https:\/\/politicapatagonica.com\/index.php\/wp-json\/wp\/v2\/posts\/7743\/revisions\/7753"}],"wp:featuredmedia":[{"embeddable":true,"href":"https:\/\/politicapatagonica.com\/index.php\/wp-json\/wp\/v2\/media\/7744"}],"wp:attachment":[{"href":"https:\/\/politicapatagonica.com\/index.php\/wp-json\/wp\/v2\/media?parent=7743"}],"wp:term":[{"taxonomy":"category","embeddable":true,"href":"https:\/\/politicapatagonica.com\/index.php\/wp-json\/wp\/v2\/categories?post=7743"},{"taxonomy":"post_tag","embeddable":true,"href":"https:\/\/politicapatagonica.com\/index.php\/wp-json\/wp\/v2\/tags?post=7743"}],"curies":[{"name":"wp","href":"https:\/\/api.w.org\/{rel}","templated":true}]}}