{"id":7740,"date":"2025-10-02T22:58:50","date_gmt":"2025-10-02T22:58:50","guid":{"rendered":"https:\/\/politicapatagonica.com\/?p=7740"},"modified":"2025-10-03T20:17:48","modified_gmt":"2025-10-03T20:17:48","slug":"weretilneck-de-cara-a-las-elecciones-2025-se-elige-entre-los-del-obelisco-o-los-que-defienden-a-rio-negro","status":"publish","type":"post","link":"https:\/\/politicapatagonica.com\/index.php\/2025\/10\/02\/weretilneck-de-cara-a-las-elecciones-2025-se-elige-entre-los-del-obelisco-o-los-que-defienden-a-rio-negro\/","title":{"rendered":"Weretilneck de cara a las elecciones 2025: &#8220;Se elige entre los del Obelisco o los que defienden a R\u00edo Negro&#8221;"},"content":{"rendered":"\n<p><strong>El gobernador de R\u00edo Negro, Alberto Weretilneck, <\/strong>asegur\u00f3 que en las&nbsp;<strong>pr\u00f3ximas elecciones legislativas del 26 de octubre de 2025&nbsp;<\/strong>se elige entre dos modelos: &#8220;<strong>Los del Obelisco o los que defienden a R\u00edo Negro<\/strong>&#8220;. Remarc\u00f3 que el pa\u00eds est\u00e1 gobernado por un proyecto nacional que le da la espalda al interior y perjudica a las provincias.&nbsp;<\/p>\n\n\n\n<p><strong>Es un gobierno que ajusta a los jubilados, abandona a los afiliados del PAMI<\/strong>, recorta a las universidades y desprotege a los productores. Todo gira en torno al Obelisco, mientras las provincias quedamos relegadas, se\u00f1al\u00f3 Weretilneck.&nbsp;<\/p>\n\n\n\n<p>El mandatario provincial remarc\u00f3 que la elecci\u00f3n es clara. \u201c<strong>De un lado est\u00e1n los partidos nacionales que responden a Milei (por Javier) o a Cristina (por Kirchner<\/strong>); del otro, quienes vivimos y trabajamos todos los d\u00edas en R\u00edo Negro, dando la cara y defendiendo a nuestra gente\u00bb, diferenci\u00f3.&nbsp;<\/p>\n\n\n\n<p>Seg\u00fan el gobernador, los partidos nacionales &#8220;aparecen cada cuatro a\u00f1os a pedir el voto y despu\u00e9s desaparecen&#8221;, mientras que desde su espacio pol\u00edtico, &#8220;<strong>con aciertos y errores, siempre damos la cara&#8221;. Destac\u00f3 adem\u00e1s que los candidatos de &#8220;Juntos Defendemos R\u00edo Negro<\/strong>&#8221;&nbsp;conocen la realidad local y no responden a intereses de Buenos Aires.&nbsp;<\/p>\n\n\n\n<p>Finalmente, Weretilneck advirti\u00f3 sobre la importancia de tener representantes propios en el Congreso de la Naci\u00f3n. \u201cCuando la Naci\u00f3n se desentiende de las provincias, el \u00fanico lugar donde se puede pelear por los intereses de R\u00edo Negro es el Congreso&#8221;, explic\u00f3. Y concluy\u00f3: <strong>Si los diputados y senadores responden a los partidos del Obelisco, no vamos a lograr que se repare una ruta,&nbsp;<\/strong>de conseguir obras, de obtener los recursos que necesitamos.&nbsp;<\/p>\n\n\n\n<p><strong>Fuente: www.rionegro.com.ar<\/strong><\/p>\n\n\n\n<p><a href=\"https:\/\/www.rionegro.com.ar\/politica\/juntos-defendemos-rio-negro-alienta-a-los-provincialismos-como-equilibrio-en-el-congreso-4318414\/\"><\/a><\/p>\n","protected":false},"excerpt":{"rendered":"<p>El gobernador de R\u00edo Negro, Alberto Weretilneck, asegur\u00f3 que en las&nbsp;pr\u00f3ximas elecciones legislativas del 26 de octubre de 2025&nbsp;se elige entre dos modelos: &#8220;Los del Obelisco o los que defienden a R\u00edo Negro&#8220;. Remarc\u00f3 que el pa\u00eds est\u00e1 gobernado por un proyecto nacional que le da la espalda al interior y perjudica a las provincias.&nbsp; [&hellip;]<\/p>\n","protected":false},"author":5,"featured_media":7741,"comment_status":"open","ping_status":"open","sticky":false,"template":"","format":"standard","meta":[],"categories":[13],"tags":[],"_links":{"self":[{"href":"https:\/\/politicapatagonica.com\/index.php\/wp-json\/wp\/v2\/posts\/7740"}],"collection":[{"href":"https:\/\/politicapatagonica.com\/index.php\/wp-json\/wp\/v2\/posts"}],"about":[{"href":"https:\/\/politicapatagonica.com\/index.php\/wp-json\/wp\/v2\/types\/post"}],"author":[{"embeddable":true,"href":"https:\/\/politicapatagonica.com\/index.php\/wp-json\/wp\/v2\/users\/5"}],"replies":[{"embeddable":true,"href":"https:\/\/politicapatagonica.com\/index.php\/wp-json\/wp\/v2\/comments?post=7740"}],"version-history":[{"count":2,"href":"https:\/\/politicapatagonica.com\/index.php\/wp-json\/wp\/v2\/posts\/7740\/revisions"}],"predecessor-version":[{"id":7752,"href":"https:\/\/politicapatagonica.com\/index.php\/wp-json\/wp\/v2\/posts\/7740\/revisions\/7752"}],"wp:featuredmedia":[{"embeddable":true,"href":"https:\/\/politicapatagonica.com\/index.php\/wp-json\/wp\/v2\/media\/7741"}],"wp:attachment":[{"href":"https:\/\/politicapatagonica.com\/index.php\/wp-json\/wp\/v2\/media?parent=7740"}],"wp:term":[{"taxonomy":"category","embeddable":true,"href":"https:\/\/politicapatagonica.com\/index.php\/wp-json\/wp\/v2\/categories?post=7740"},{"taxonomy":"post_tag","embeddable":true,"href":"https:\/\/politicapatagonica.com\/index.php\/wp-json\/wp\/v2\/tags?post=7740"}],"curies":[{"name":"wp","href":"https:\/\/api.w.org\/{rel}","templated":true}]}}