{"id":7736,"date":"2025-10-01T23:05:30","date_gmt":"2025-10-01T23:05:30","guid":{"rendered":"https:\/\/politicapatagonica.com\/?p=7736"},"modified":"2025-10-03T20:16:24","modified_gmt":"2025-10-03T20:16:24","slug":"gaido-y-figueroa-reconocieron-a-horacio-marin-presidente-de-ypf-con-la-llave-de-la-ciudad","status":"publish","type":"post","link":"https:\/\/politicapatagonica.com\/index.php\/2025\/10\/01\/gaido-y-figueroa-reconocieron-a-horacio-marin-presidente-de-ypf-con-la-llave-de-la-ciudad\/","title":{"rendered":"Gaido y Figueroa reconocieron a Horacio Mar\u00edn, presidente de YPF, con la &#8220;llave de la ciudad&#8221; de Neuqu\u00e9n"},"content":{"rendered":"\n<p>En el marco del mes aniversario de\u00a0<strong>Neuqu\u00e9n capital<\/strong>, el intendente<strong>\u00a0Mariano Gaido<\/strong>\u00a0y el gobernador\u00a0<strong>Rolando Figueroa<\/strong>\u00a0entregaron la &#8220;llave de la ciudad&#8221; al presidente de\u00a0<strong>YPF, Horacio Mar\u00edn<\/strong>,\u00a0en reconocimiento a su rol en el desarrollo de la compa\u00f1\u00eda y su v\u00ednculo estrat\u00e9gico con la provincia.<\/p>\n\n\n\n<p><strong>La ceremonia se realiz\u00f3 en el Polo Tecnol\u00f3gico, futura sede del Instituto de Formaci\u00f3n T\u00e9cnica Vaca Muerta (IVM), que capacitar\u00e1 entre 2.000 y 3.000 personas por a\u00f1o en oficios y perfiles vinculados a la industria hidrocarbur\u00edfera.<\/strong><\/p>\n\n\n\n<p>\u201cEstamos viviendo un momento hist\u00f3rico. Reconocemos a&nbsp;<strong>Horacio Mar\u00edn<\/strong>&nbsp;por haber transformado&nbsp;<strong>YPF<\/strong>&nbsp;en una empresa que nos enorgullece en todo el pa\u00eds y que trabaja codo a codo con la&nbsp;<strong>ciudad de Neuqu\u00e9n<\/strong>\u201d, expres\u00f3<strong>&nbsp;Gaido<\/strong>&nbsp;durante el acto.&nbsp;<\/p>\n\n\n\n<p>El jefe comunal tambi\u00e9n destac\u00f3 la inversi\u00f3n p\u00fablica destinada a infraestructura que potencia la actividad privada, como la reciente inauguraci\u00f3n de tres nuevas avenidas que conectan la capital con el&nbsp;<strong>Polo Tecnol\u00f3gico.<\/strong><\/p>\n\n\n\n<p>Por su parte,&nbsp;<strong>Mar\u00edn<\/strong>&nbsp;agradeci\u00f3 el reconocimiento y asegur\u00f3 que<strong>&nbsp;\u201ces un honor y un orgullo recibir la llave de la ciudad\u201d<\/strong>, al tiempo que ratific\u00f3 que el objetivo es iniciar en marzo las primeras clases en el&nbsp;<strong>Instituto Vaca Muerta.<\/strong>&nbsp;<\/p>\n\n\n\n<p><strong>\u201cVine para desarrollar este recurso que es clave para la Argentina y estoy convencido de que YPF, la provincia y la ciudad son socios estrat\u00e9gicos en este desaf\u00edo\u201d, afirm\u00f3.<\/strong><\/p>\n\n\n\n<p>El gobernador&nbsp;<strong>Figueroa&nbsp;<\/strong>subray\u00f3 la importancia de la iniciativa para preparar a los futuros trabajadores de la cuenca neuquina: \u201cEs la evoluci\u00f3n de la relaci\u00f3n con&nbsp;<strong>YPF&nbsp;<\/strong>y la muestra de c\u00f3mo lo p\u00fablico y lo privado pueden complementarse para generar oportunidades.&nbsp;<strong>Vaca Muerta<\/strong>&nbsp;demandar\u00e1 miles de empleos y debemos estar preparados\u201d.<\/p>\n\n\n\n<p><strong>El acto cerr\u00f3 con un mensaje de unidad entre el sector p\u00fablico y el privado para potenciar el crecimiento de Neuqu\u00e9n y el desarrollo de Vaca Muerta como motor econ\u00f3mico del pa\u00eds.<\/strong><\/p>\n\n\n\n<p><strong>Fuente: www.neuquenpost.com<\/strong><\/p>\n","protected":false},"excerpt":{"rendered":"<p>En el marco del mes aniversario de\u00a0Neuqu\u00e9n capital, el intendente\u00a0Mariano Gaido\u00a0y el gobernador\u00a0Rolando Figueroa\u00a0entregaron la &#8220;llave de la ciudad&#8221; al presidente de\u00a0YPF, Horacio Mar\u00edn,\u00a0en reconocimiento a su rol en el desarrollo de la compa\u00f1\u00eda y su v\u00ednculo estrat\u00e9gico con la provincia. La ceremonia se realiz\u00f3 en el Polo Tecnol\u00f3gico, futura sede del Instituto de Formaci\u00f3n [&hellip;]<\/p>\n","protected":false},"author":5,"featured_media":7737,"comment_status":"open","ping_status":"open","sticky":false,"template":"","format":"standard","meta":[],"categories":[9],"tags":[],"_links":{"self":[{"href":"https:\/\/politicapatagonica.com\/index.php\/wp-json\/wp\/v2\/posts\/7736"}],"collection":[{"href":"https:\/\/politicapatagonica.com\/index.php\/wp-json\/wp\/v2\/posts"}],"about":[{"href":"https:\/\/politicapatagonica.com\/index.php\/wp-json\/wp\/v2\/types\/post"}],"author":[{"embeddable":true,"href":"https:\/\/politicapatagonica.com\/index.php\/wp-json\/wp\/v2\/users\/5"}],"replies":[{"embeddable":true,"href":"https:\/\/politicapatagonica.com\/index.php\/wp-json\/wp\/v2\/comments?post=7736"}],"version-history":[{"count":3,"href":"https:\/\/politicapatagonica.com\/index.php\/wp-json\/wp\/v2\/posts\/7736\/revisions"}],"predecessor-version":[{"id":7751,"href":"https:\/\/politicapatagonica.com\/index.php\/wp-json\/wp\/v2\/posts\/7736\/revisions\/7751"}],"wp:featuredmedia":[{"embeddable":true,"href":"https:\/\/politicapatagonica.com\/index.php\/wp-json\/wp\/v2\/media\/7737"}],"wp:attachment":[{"href":"https:\/\/politicapatagonica.com\/index.php\/wp-json\/wp\/v2\/media?parent=7736"}],"wp:term":[{"taxonomy":"category","embeddable":true,"href":"https:\/\/politicapatagonica.com\/index.php\/wp-json\/wp\/v2\/categories?post=7736"},{"taxonomy":"post_tag","embeddable":true,"href":"https:\/\/politicapatagonica.com\/index.php\/wp-json\/wp\/v2\/tags?post=7736"}],"curies":[{"name":"wp","href":"https:\/\/api.w.org\/{rel}","templated":true}]}}