{"id":7721,"date":"2025-10-01T00:06:28","date_gmt":"2025-10-01T00:06:28","guid":{"rendered":"https:\/\/politicapatagonica.com\/?p=7721"},"modified":"2025-10-01T00:06:29","modified_gmt":"2025-10-01T00:06:29","slug":"la-pampa-lanzo-una-plataforma-digital-para-centralizar-tramites-y-documentos","status":"publish","type":"post","link":"https:\/\/politicapatagonica.com\/index.php\/2025\/10\/01\/la-pampa-lanzo-una-plataforma-digital-para-centralizar-tramites-y-documentos\/","title":{"rendered":"La Pampa lanz\u00f3 una plataforma digital para centralizar tr\u00e1mites y documentos"},"content":{"rendered":"\n<p><strong>La ciudadan\u00eda pampeana ya cuenta con el Perfil de Ciudadan\u00eda Pampeana Digital (CiPaDi), una plataforma destinada a centralizar tr\u00e1mites, documentos y servicios en l\u00ednea de la administraci\u00f3n p\u00fablica provincial<\/strong>. El sistema se habilit\u00f3 este martes y podr\u00e1 ser utilizado desde computadoras o tel\u00e9fonos m\u00f3viles para iniciar y dar seguimiento a gestiones, guardar certificados y constancias, y recibir notificaciones oficiales.<\/p>\n\n\n\n<p><strong>El lanzamiento se realiz\u00f3 en un acto encabezado por el gobernador Sergio Ziliotto y la vicegobernadora Alicia Mayoral. Tambi\u00e9n estuvieron presentes el ministro de Conectividad y Modernizaci\u00f3n, Antonio Curciarello; el subsecretario de Tecnolog\u00edas, Comunicaciones e Infraestructura, Lucas Gaggioli<\/strong>; la subsecretaria de Modernizaci\u00f3n, Carmen Sierra; ministros del gabinete, intendentes, agentes de los Registros Civiles, promotores sanitarios del Ministerio de Salud, equipos del Ministerio de Desarrollo Social y Derechos Humanos, referentes tecnol\u00f3gicos y representantes del Colegio de Escribanos y del Colegio de Abogados.<\/p>\n\n\n\n<p>De acuerdo con lo informado, CiPaDi fue dise\u00f1ado para<strong> facilitar la relaci\u00f3n entre la ciudadan\u00eda y la administraci\u00f3n p\u00fablica,<\/strong> con el fin de ahorrar tiempo, evitar traslados y garantizar un acceso seguro a la informaci\u00f3n personal. Desde el espacio digital, cada persona podr\u00e1 iniciar y controlar sus tr\u00e1mites, almacenar certificados y constancias de manera ordenada y recibir notificaciones de organismos oficiales.<\/p>\n\n\n\n<p>Organizaci\u00f3n de la plataforma<\/p>\n\n\n\n<p><strong>La herramienta cuenta con tres ejes de funcionamiento. El primero, &#8220;Tr\u00e1mites&#8221;, permite iniciar gestiones, darles seguimiento y recibir avisos autom\u00e1ticos sobre avances o requisitos pendientes<\/strong>. La incorporaci\u00f3n de los distintos tr\u00e1mites de organismos provinciales ser\u00e1 gradual y permitir\u00e1 ampliar progresivamente la oferta.<\/p>\n\n\n\n<p><strong>El segundo m\u00f3dulo, &#8220;Mis Documentos&#8221;, <\/strong>est\u00e1 destinado al almacenamiento de certificados, constancias y documentos emitidos durante los procesos digitales, accesibles en cualquier momento. <strong>El tercero corresponde a &#8220;Notificaciones&#8221; y &#8220;Avisos&#8221;, <\/strong>que centraliza las comunicaciones oficiales y legales enviadas por la administraci\u00f3n p\u00fablica.<\/p>\n\n\n\n<p>Entre los primeros servicios disponibles figura el sistema de turnos web de la salud p\u00fablica provincial, que quedar\u00e1 vinculado al perfil digital de cada usuario.<\/p>\n\n\n\n<p>Declaraciones<\/p>\n\n\n\n<p>En su intervenci\u00f3<strong>n, el ministro Antonio Curciarello expres\u00f3 que &#8220;para nosotros, como Ministerio, es un hito en nuestra gesti\u00f3n, porque esta fue una de las primeras cosas que nos plante\u00f3 el gobernador en nuestros inicios.<\/strong> Tiene que ver no solo con la innovaci\u00f3n de los procesos, sino con mayor fluidez, din\u00e1mica y transparencia en cada una de las cosas que suceden en el \u00e1mbito de la administraci\u00f3n p\u00fablica provincial y que tienen como destinatario final a los pampeanos y pampeanas&#8221;.<\/p>\n\n\n\n<p>El funcionario agreg\u00f3: &#8220;Particularmente para nosotros es muy grato porque est\u00e1 hecho y programado con personal capacitado en su gran mayor\u00eda en La Pampa, y que todos y cada uno de ellos son trabajadores del Estado provincial. A nosotros nos llena de orgullo que esta herramienta que requiri\u00f3 tanto trabajo, demuestre que hay conocimiento y formaci\u00f3n, que hay compromiso y mucha voluntad&#8221;.<\/p>\n\n\n\n<p>Implementaci\u00f3n gradual<\/p>\n\n\n\n<p>El Ministerio de Conectividad y Modernizaci\u00f3n inform\u00f3 que la incorporaci\u00f3n de tr\u00e1mites de los distintos organismos de la administraci\u00f3n p\u00fablica se dar\u00e1 de manera gradual y sostenida, lo que permitir\u00e1 ampliar continuamente las opciones disponibles en la plataforma.<strong> Cada usuario contar\u00e1 con un perfil digital adaptado a su situaci\u00f3n, lo que posibilitar\u00e1 acceder a la informaci\u00f3n de manera personalizada.<\/strong><\/p>\n\n\n\n<p><strong>CiPaDi se enmarca en las pol\u00edticas de modernizaci\u00f3n del Estado pampeano y apunta a consolidar un sistema digital integral que facilite la relaci\u00f3n entre ciudadan\u00eda y administraci\u00f3n p\u00fablica, con servicios centralizados y accesibles desde cualquier dispositivo.<\/strong><\/p>\n\n\n\n<p><strong>Fuente: www.eldiariodelapampa.com.ar<\/strong><\/p>\n","protected":false},"excerpt":{"rendered":"<p>La ciudadan\u00eda pampeana ya cuenta con el Perfil de Ciudadan\u00eda Pampeana Digital (CiPaDi), una plataforma destinada a centralizar tr\u00e1mites, documentos y servicios en l\u00ednea de la administraci\u00f3n p\u00fablica provincial. El sistema se habilit\u00f3 este martes y podr\u00e1 ser utilizado desde computadoras o tel\u00e9fonos m\u00f3viles para iniciar y dar seguimiento a gestiones, guardar certificados y constancias, [&hellip;]<\/p>\n","protected":false},"author":5,"featured_media":7722,"comment_status":"open","ping_status":"open","sticky":false,"template":"","format":"standard","meta":[],"categories":[10],"tags":[],"_links":{"self":[{"href":"https:\/\/politicapatagonica.com\/index.php\/wp-json\/wp\/v2\/posts\/7721"}],"collection":[{"href":"https:\/\/politicapatagonica.com\/index.php\/wp-json\/wp\/v2\/posts"}],"about":[{"href":"https:\/\/politicapatagonica.com\/index.php\/wp-json\/wp\/v2\/types\/post"}],"author":[{"embeddable":true,"href":"https:\/\/politicapatagonica.com\/index.php\/wp-json\/wp\/v2\/users\/5"}],"replies":[{"embeddable":true,"href":"https:\/\/politicapatagonica.com\/index.php\/wp-json\/wp\/v2\/comments?post=7721"}],"version-history":[{"count":1,"href":"https:\/\/politicapatagonica.com\/index.php\/wp-json\/wp\/v2\/posts\/7721\/revisions"}],"predecessor-version":[{"id":7723,"href":"https:\/\/politicapatagonica.com\/index.php\/wp-json\/wp\/v2\/posts\/7721\/revisions\/7723"}],"wp:featuredmedia":[{"embeddable":true,"href":"https:\/\/politicapatagonica.com\/index.php\/wp-json\/wp\/v2\/media\/7722"}],"wp:attachment":[{"href":"https:\/\/politicapatagonica.com\/index.php\/wp-json\/wp\/v2\/media?parent=7721"}],"wp:term":[{"taxonomy":"category","embeddable":true,"href":"https:\/\/politicapatagonica.com\/index.php\/wp-json\/wp\/v2\/categories?post=7721"},{"taxonomy":"post_tag","embeddable":true,"href":"https:\/\/politicapatagonica.com\/index.php\/wp-json\/wp\/v2\/tags?post=7721"}],"curies":[{"name":"wp","href":"https:\/\/api.w.org\/{rel}","templated":true}]}}