{"id":7714,"date":"2025-09-29T22:02:02","date_gmt":"2025-09-29T22:02:02","guid":{"rendered":"https:\/\/politicapatagonica.com\/?p=7714"},"modified":"2025-09-30T15:12:34","modified_gmt":"2025-09-30T15:12:34","slug":"jdrn-somos-parte-de-la-vida-cotidiana-de-bariloche","status":"publish","type":"post","link":"https:\/\/politicapatagonica.com\/index.php\/2025\/09\/29\/jdrn-somos-parte-de-la-vida-cotidiana-de-bariloche\/","title":{"rendered":"JDRN: &#8220;Somos parte de la vida cotidiana de Bariloche&#8221;"},"content":{"rendered":"\n<p><strong>Los candidatos de Juntos ratificaron que su tarea en el Congreso ser\u00e1 &#8220;defender a Bariloche y toda la provincia frente al centralismo porte\u00f1o y ante un Gobierno Nacional que le dio la espalda al interior&#8221;. En su paso por la ciudad lacustre, se diferenciaron de quienes solo aparecen en campa\u00f1a.<\/strong><\/p>\n\n\n\n<p>\u201cNosotros estamos ac\u00e1 todos los d\u00edas, nos encuentran en el supermercado, en la escuela, en el club. No venimos desde Buenos Aires para la campa\u00f1a\u201d, remarc\u00f3 Juan Pablo Muena, candidato a diputado y oriundo de Bariloche.<\/p>\n\n\n\n<p>Por su parte, Facundo L\u00f3pez indic\u00f3 que \u201cBariloche es nuestra carta de presentaci\u00f3n ante el mundo. <strong>El gobernador Alberto Weretilneck siempre trabaj\u00f3 para que esta ciudad tenga el lugar que merece, y nosotros vamos a seguir en esa l\u00ednea\u201d, subray\u00f3 el primer candidato a senador. Y aclar\u00f3 que este 26 de octubre \u201cno se elige presidente, se eligen representantes en el Congreso. R\u00edo Negro necesita legisladores que defiendan a la provincia, y no que tengan que obedecer a los partidos nacionales\u201d.<\/strong><\/p>\n\n\n\n<p>Los tres candidatos de la opci\u00f3n verde en la Boleta \u00danica coincidieron en que los vecinos valoran la cercan\u00eda y la gesti\u00f3n.<\/p>\n\n\n\n<p>Se nota el afecto de la gente en cada recorrida, hay entusiasmo y cercan\u00eda que se renueva todos los d\u00edas, expres\u00f3 Confini, candidata a senadora y ex Secretaria de Energ\u00eda: \u201cDimos la pelea y la ganamos, porque ac\u00e1 no se tira un ca\u00f1o sin contratar a un rionegrino\u201d.<\/p>\n\n\n\n<p><strong>Muena remarc\u00f3 la diferencia con quienes solo aparecen en campa\u00f1a: \u201cSomos parte de la vida cotidiana de Bariloche, nos cruzamos en la cancha, en la fila del s\u00faper, en la escuela de nuestros hijos. Esa cercan\u00eda no se construye en dos meses, es de toda una vida\u201d. <\/strong>Muena destac\u00f3 adem\u00e1s que \u201cBariloche necesita legisladores que entiendan de verdad lo que significa sostener el turismo, la producci\u00f3n y el empleo, no que vengan cada dos a\u00f1os cuando arranca la campa\u00f1a\u201d.<\/p>\n\n\n\n<p><strong>Fuente: www.adnrionegro.com.ar<\/strong><\/p>\n","protected":false},"excerpt":{"rendered":"<p>Los candidatos de Juntos ratificaron que su tarea en el Congreso ser\u00e1 &#8220;defender a Bariloche y toda la provincia frente al centralismo porte\u00f1o y ante un Gobierno Nacional que le dio la espalda al interior&#8221;. En su paso por la ciudad lacustre, se diferenciaron de quienes solo aparecen en campa\u00f1a. \u201cNosotros estamos ac\u00e1 todos los [&hellip;]<\/p>\n","protected":false},"author":5,"featured_media":7716,"comment_status":"open","ping_status":"open","sticky":false,"template":"","format":"standard","meta":[],"categories":[13],"tags":[],"_links":{"self":[{"href":"https:\/\/politicapatagonica.com\/index.php\/wp-json\/wp\/v2\/posts\/7714"}],"collection":[{"href":"https:\/\/politicapatagonica.com\/index.php\/wp-json\/wp\/v2\/posts"}],"about":[{"href":"https:\/\/politicapatagonica.com\/index.php\/wp-json\/wp\/v2\/types\/post"}],"author":[{"embeddable":true,"href":"https:\/\/politicapatagonica.com\/index.php\/wp-json\/wp\/v2\/users\/5"}],"replies":[{"embeddable":true,"href":"https:\/\/politicapatagonica.com\/index.php\/wp-json\/wp\/v2\/comments?post=7714"}],"version-history":[{"count":1,"href":"https:\/\/politicapatagonica.com\/index.php\/wp-json\/wp\/v2\/posts\/7714\/revisions"}],"predecessor-version":[{"id":7717,"href":"https:\/\/politicapatagonica.com\/index.php\/wp-json\/wp\/v2\/posts\/7714\/revisions\/7717"}],"wp:featuredmedia":[{"embeddable":true,"href":"https:\/\/politicapatagonica.com\/index.php\/wp-json\/wp\/v2\/media\/7716"}],"wp:attachment":[{"href":"https:\/\/politicapatagonica.com\/index.php\/wp-json\/wp\/v2\/media?parent=7714"}],"wp:term":[{"taxonomy":"category","embeddable":true,"href":"https:\/\/politicapatagonica.com\/index.php\/wp-json\/wp\/v2\/categories?post=7714"},{"taxonomy":"post_tag","embeddable":true,"href":"https:\/\/politicapatagonica.com\/index.php\/wp-json\/wp\/v2\/tags?post=7714"}],"curies":[{"name":"wp","href":"https:\/\/api.w.org\/{rel}","templated":true}]}}