{"id":7697,"date":"2025-09-26T20:49:28","date_gmt":"2025-09-26T20:49:28","guid":{"rendered":"https:\/\/politicapatagonica.com\/?p=7697"},"modified":"2025-09-26T21:37:16","modified_gmt":"2025-09-26T21:37:16","slug":"tierra-del-fuego-lanzo-su-temporada-de-verano-en-la-ciudad-de-buenos-aires","status":"publish","type":"post","link":"https:\/\/politicapatagonica.com\/index.php\/2025\/09\/26\/tierra-del-fuego-lanzo-su-temporada-de-verano-en-la-ciudad-de-buenos-aires\/","title":{"rendered":"Tierra del Fuego lanz\u00f3 su temporada de verano en la Ciudad de Buenos Aires"},"content":{"rendered":"\n<p><strong>La provincia de Tierra del Fuego inaugur\u00f3 su temporada de verano en un evento realizado en el Hip\u00f3dromo de Palermo, donde se present\u00f3 la variada oferta tur\u00edstica del \u201cFin del Mundo\u201d ante operadores, funcionarios y referentes del sector.<\/strong><\/p>\n\n\n\n<p>El acto cont\u00f3 con la participaci\u00f3n del <strong>secretario de Turismo, Ambiente y Deportes de la Naci\u00f3n, Daniel Scioli; <\/strong>la vicegobernadora provincial, <strong>M\u00f3nica Urquiza<\/strong>; y el presidente del Instituto Fueguino de Turismo (INFUETUR), <strong>Dante Querciali.<\/strong><\/p>\n\n\n\n<p><strong>Scioli resalt\u00f3 que la jornada coincidi\u00f3 con la visita al pa\u00eds de la secretaria general electa de ONU Turismo, Shaikha Nasser al Nowais, y con la inminente apertura de la Feria Internacional de Turismo (FIT)<\/strong>. \u201c<strong>Tierra del Fuego tiene la oportunidad de mostrar toda su oferta tur\u00edstica y gastron\u00f3mica.&nbsp;<\/strong>Felicito a la provincia por la cantidad de rondas de negocios que realizaron en el marco de esta jornada\u201d, se\u00f1al\u00f3.<\/p>\n\n\n\n<p>La vicegobernadora Urquiza agradeci\u00f3 la presencia de los asistentes y subray\u00f3<strong> \u201clos recursos naturales \u00fanicos de Tierra del Fuego\u201d,<\/strong> al tiempo que record\u00f3 que \u201cya inici\u00f3 la temporada de cruceros que coincide con el lanzamiento de la temporada de verano\u201d.<\/p>\n\n\n\n<p>La Jornada de Actualizaci\u00f3n de la Oferta y Rondas de Negocios reuni\u00f3 a m\u00e1s de <strong>160 operadores emisivos nacionales<\/strong>, abordando uno de los mercados prioritarios para la comercializaci\u00f3n del destino.&nbsp;&#8220;Seguimos fortaleciendo este espacio que conecta a nuestros prestadores locales con operadores de todo el pa\u00eds, con el objetivo de ampliar las oportunidades de venta de actividades y servicios tur\u00edsticos, y potenciar la llegada de m\u00e1s visitantes a nuestro destino. <strong>Agradecemos el acompa\u00f1amiento de la C\u00e1mara de Turismo provincial, de todas las l\u00edneas a\u00e9reas \u2014Aerol\u00edneas Argentinas, JetSmart, Flybondi y LADE\u2014 y especialmente de los m\u00e1s de 60 prestadores fueguinos que participaron de la jornada&#8221;, expres\u00f3 el presidente del INFUETUR.<\/strong><\/p>\n\n\n\n<p>El funcionario provincial tambi\u00e9n dijo que &nbsp;&#8220;la promoci\u00f3n continuar\u00e1 con el lanzamiento oficial de la temporada de verano, nuestra participaci\u00f3n en FIT \u2014la feria m\u00e1s importante del sector en Am\u00e9rica Latina\u2014 donde difundiremos los&nbsp;<strong>atractivos del Fin del Mundo y los sabores fueguinos al p\u00fablico general, medios de prensa y profesionales del sector. Tambi\u00e9n llevaremos adelante una campa\u00f1a en v\u00eda p\u00fablica en CABA,<\/strong>&nbsp;acciones de publicidad digital, y la organizaci\u00f3n de viajes de familiarizaci\u00f3n para prensa y operadores tur\u00edsticos, entre otras iniciativas&#8221;.<\/p>\n\n\n\n<p><strong>DESAFIOS FRENTE A UNA PROVINCIA CARA Y EN D\u00d3LARES<\/strong><\/p>\n\n\n\n<p><strong>En representaci\u00f3n de Ushuaia, la secretaria de Turismo municipal, Viviana Manfredotti, destac\u00f3 la importancia del encuentro para \u201ccoordinar acciones concretas de promoci\u00f3n con operadores de todo el pa\u00eds\u201d y advirti\u00f3 sobre la necesidad de fortalecer los v\u00ednculos p\u00fablico-privados en un contexto econ\u00f3mico adverso.<\/strong><\/p>\n\n\n\n<p>&nbsp;\u201cEl turismo interno viene registrando una ca\u00edda sostenida, y lo mismo ocurre con el internacional, que&nbsp;<strong>reconoce el atractivo del destino pero percibe altos costos en d\u00f3lares.<\/strong>&nbsp;Nos toca generar pol\u00edticas p\u00fablicas creativas que permitan a los prestadores ser m\u00e1s competitivos\u201d, se\u00f1al\u00f3.<\/p>\n\n\n\n<p><strong>Fuente: ushuaia24.com.ar<\/strong><\/p>\n","protected":false},"excerpt":{"rendered":"<p>La provincia de Tierra del Fuego inaugur\u00f3 su temporada de verano en un evento realizado en el Hip\u00f3dromo de Palermo, donde se present\u00f3 la variada oferta tur\u00edstica del \u201cFin del Mundo\u201d ante operadores, funcionarios y referentes del sector. El acto cont\u00f3 con la participaci\u00f3n del secretario de Turismo, Ambiente y Deportes de la Naci\u00f3n, Daniel [&hellip;]<\/p>\n","protected":false},"author":5,"featured_media":7698,"comment_status":"open","ping_status":"open","sticky":false,"template":"","format":"standard","meta":[],"categories":[11],"tags":[],"_links":{"self":[{"href":"https:\/\/politicapatagonica.com\/index.php\/wp-json\/wp\/v2\/posts\/7697"}],"collection":[{"href":"https:\/\/politicapatagonica.com\/index.php\/wp-json\/wp\/v2\/posts"}],"about":[{"href":"https:\/\/politicapatagonica.com\/index.php\/wp-json\/wp\/v2\/types\/post"}],"author":[{"embeddable":true,"href":"https:\/\/politicapatagonica.com\/index.php\/wp-json\/wp\/v2\/users\/5"}],"replies":[{"embeddable":true,"href":"https:\/\/politicapatagonica.com\/index.php\/wp-json\/wp\/v2\/comments?post=7697"}],"version-history":[{"count":2,"href":"https:\/\/politicapatagonica.com\/index.php\/wp-json\/wp\/v2\/posts\/7697\/revisions"}],"predecessor-version":[{"id":7707,"href":"https:\/\/politicapatagonica.com\/index.php\/wp-json\/wp\/v2\/posts\/7697\/revisions\/7707"}],"wp:featuredmedia":[{"embeddable":true,"href":"https:\/\/politicapatagonica.com\/index.php\/wp-json\/wp\/v2\/media\/7698"}],"wp:attachment":[{"href":"https:\/\/politicapatagonica.com\/index.php\/wp-json\/wp\/v2\/media?parent=7697"}],"wp:term":[{"taxonomy":"category","embeddable":true,"href":"https:\/\/politicapatagonica.com\/index.php\/wp-json\/wp\/v2\/categories?post=7697"},{"taxonomy":"post_tag","embeddable":true,"href":"https:\/\/politicapatagonica.com\/index.php\/wp-json\/wp\/v2\/tags?post=7697"}],"curies":[{"name":"wp","href":"https:\/\/api.w.org\/{rel}","templated":true}]}}