{"id":7693,"date":"2025-09-26T20:44:29","date_gmt":"2025-09-26T20:44:29","guid":{"rendered":"https:\/\/politicapatagonica.com\/?p=7693"},"modified":"2025-09-26T21:35:06","modified_gmt":"2025-09-26T21:35:06","slug":"la-ucr-dice-que-el-pj-distorsiona-el-funcionamiento-del-concejo","status":"publish","type":"post","link":"https:\/\/politicapatagonica.com\/index.php\/2025\/09\/26\/la-ucr-dice-que-el-pj-distorsiona-el-funcionamiento-del-concejo\/","title":{"rendered":"La UCR pampeana dice que el PJ &#8220;distorsiona el funcionamiento&#8221; del Concejo Deliberante de Santa Rosa"},"content":{"rendered":"\n<p>El bloque del radicalismo en el Concejo Deliberante de Santa Rosa volvi\u00f3 a fustigar severamente al PJ oficialista.<\/p>\n\n\n\n<p>Este jueves, &#8220;<strong>distorsionando el funcionamiento parlamentario que hasta el momento se manten\u00eda<\/strong>&#8220;, el FreJuPa decidi\u00f3 avanzar en la comisi\u00f3n Administrativa con un proyecto que corresponde a la comisi\u00f3n de Hacienda. &#8220;<strong>De manera sorpresiva, y con el acompa\u00f1amiento del PRO<\/strong>, emitieron un dictamen sobre la eximici\u00f3n del estacionamiento medido que no brinda soluciones reales a todos los vecinos que residen en el radio alcanzado por la medida&#8221;, se quej\u00f3 la UCR.<\/p>\n\n\n\n<p>Un comunicado del radicalismo record\u00f3 que en el mes de agosto el Bloque de la UCR present\u00f3 un proyecto de ordenanza para que los vecinos de viviendas unifamiliares y\/o multifamiliares de la zona del estacionamiento medido&nbsp;<strong>queden exentos del pago en un radio de 200 metros de su domicilio<\/strong>. Sin embargo, &#8220;a pesar de las reiteradas insistencias, el oficialismo evit\u00f3 su tratamiento en varias reuniones de comisi\u00f3n, incluso en la \u00faltima comisi\u00f3n de Hacienda realizada el pasado martes&#8221;.<\/p>\n\n\n\n<p>&#8220;<strong>Este dictamen del oficialismo, tirando por la borda el funcionamiento de las comisiones, copiando y pegando partes de un proyecto de otra comisi\u00f3n<\/strong>, dej\u00f3 nuevamente con m\u00e1s incertidumbre y sin soluci\u00f3n a quienes viven en edificios del radio c\u00e9ntrico&#8221;, lament\u00f3 la UCR.<\/p>\n\n\n\n<p>A\u00f1adi\u00f3: &#8220;Desde nuestro Bloque exigimos que se realice un relevamiento serio de la cantidad de viviendas multifamiliares incluidas en el radio del estacionamiento medido, as\u00ed como de cu\u00e1ntas familias contin\u00faan sin tener una soluci\u00f3n efectiva.&nbsp;<strong>Estos datos son imprescindibles para avanzar en una pol\u00edtica p\u00fablica responsable y transparente<\/strong>&#8220;.<\/p>\n\n\n\n<p>&#8220;Una vez m\u00e1s se evidencia la falta de planificaci\u00f3n con la que trabaja el municipio, que no puede legislar a favor de todos los vecinos<strong>. No hay un inter\u00e9s genuino en mejorar la seguridad vial ni favorecer la peatonalizaci\u00f3n de la ciudad. Hay que ordenar los papeles a como de lugar antes del 1 de noviembre para empezar a aumentar la recaudaci\u00f3n&#8221;<\/strong>, complet\u00f3 el documento radical.<\/p>\n\n\n\n<p><strong>Fuente: www.eldiariodelapampa.com.ar<\/strong><\/p>\n","protected":false},"excerpt":{"rendered":"<p>El bloque del radicalismo en el Concejo Deliberante de Santa Rosa volvi\u00f3 a fustigar severamente al PJ oficialista. Este jueves, &#8220;distorsionando el funcionamiento parlamentario que hasta el momento se manten\u00eda&#8220;, el FreJuPa decidi\u00f3 avanzar en la comisi\u00f3n Administrativa con un proyecto que corresponde a la comisi\u00f3n de Hacienda. &#8220;De manera sorpresiva, y con el acompa\u00f1amiento [&hellip;]<\/p>\n","protected":false},"author":5,"featured_media":7694,"comment_status":"open","ping_status":"open","sticky":false,"template":"","format":"standard","meta":[],"categories":[10],"tags":[],"_links":{"self":[{"href":"https:\/\/politicapatagonica.com\/index.php\/wp-json\/wp\/v2\/posts\/7693"}],"collection":[{"href":"https:\/\/politicapatagonica.com\/index.php\/wp-json\/wp\/v2\/posts"}],"about":[{"href":"https:\/\/politicapatagonica.com\/index.php\/wp-json\/wp\/v2\/types\/post"}],"author":[{"embeddable":true,"href":"https:\/\/politicapatagonica.com\/index.php\/wp-json\/wp\/v2\/users\/5"}],"replies":[{"embeddable":true,"href":"https:\/\/politicapatagonica.com\/index.php\/wp-json\/wp\/v2\/comments?post=7693"}],"version-history":[{"count":4,"href":"https:\/\/politicapatagonica.com\/index.php\/wp-json\/wp\/v2\/posts\/7693\/revisions"}],"predecessor-version":[{"id":7706,"href":"https:\/\/politicapatagonica.com\/index.php\/wp-json\/wp\/v2\/posts\/7693\/revisions\/7706"}],"wp:featuredmedia":[{"embeddable":true,"href":"https:\/\/politicapatagonica.com\/index.php\/wp-json\/wp\/v2\/media\/7694"}],"wp:attachment":[{"href":"https:\/\/politicapatagonica.com\/index.php\/wp-json\/wp\/v2\/media?parent=7693"}],"wp:term":[{"taxonomy":"category","embeddable":true,"href":"https:\/\/politicapatagonica.com\/index.php\/wp-json\/wp\/v2\/categories?post=7693"},{"taxonomy":"post_tag","embeddable":true,"href":"https:\/\/politicapatagonica.com\/index.php\/wp-json\/wp\/v2\/tags?post=7693"}],"curies":[{"name":"wp","href":"https:\/\/api.w.org\/{rel}","templated":true}]}}