{"id":7687,"date":"2025-09-25T19:11:39","date_gmt":"2025-09-25T19:11:39","guid":{"rendered":"https:\/\/politicapatagonica.com\/?p=7687"},"modified":"2025-09-26T21:31:27","modified_gmt":"2025-09-26T21:31:27","slug":"gobierno-ratifico-la-politica-salarial-docente-y-afirmo-que-estan-por-encima-de-la-inflacion","status":"publish","type":"post","link":"https:\/\/politicapatagonica.com\/index.php\/2025\/09\/25\/gobierno-ratifico-la-politica-salarial-docente-y-afirmo-que-estan-por-encima-de-la-inflacion\/","title":{"rendered":"El gobierno de R\u00edo Negro ratific\u00f3 la pol\u00edtica salarial docente y afirm\u00f3 que est\u00e1n &#8220;por encima de la inflaci\u00f3n&#8221;"},"content":{"rendered":"\n<p>El gobierno de R\u00edo Negro sali\u00f3 al cruce del&nbsp;<strong>paro docente por 24 y 48 horas para el pr\u00f3ximo mes<\/strong>, definido ayer en el Congreso Extraordinario de la Unter, con un extenso an\u00e1lisis de los n\u00fameros de la masa salarial y<strong>&nbsp;afirm\u00f3 que &#8220;se mantienen por encima de la inflaci\u00f3n&#8221;.<\/strong><\/p>\n\n\n\n<p>Unter en su congreso rechaz\u00f3 la \u00faltima oferta salarial que se mantuvo en la paritaria de la semana pasada que consiste en un bono de 25.000 pesos.<\/p>\n\n\n\n<p>El Gobierno afirm\u00f3 que &#8220;<strong>con recursos propios<\/strong>, y en un contexto econ\u00f3mico dif\u00edcil a nivel nacional, la&nbsp;<strong>pol\u00edtica salarial se sostiene con responsabilidad y previsi\u00f3n<\/strong>, destinando fondos crecientes mes a mes para defender el poder adquisitivo de los trabajadores de la educaci\u00f3n&#8221;.<\/p>\n\n\n\n<p>Exhibi\u00f3 los n\u00fameros de la masa salarial al se\u00f1alar que en enero invirti\u00f3 35.975.401.428,33 pesos en los salarios docentes y&nbsp;<strong>en septiembre esa cifra lleg\u00f3 a 46.539.559.580,16 de pesos.<\/strong><\/p>\n\n\n\n<p><strong>El Gobierno a comienzos de a\u00f1o hizo una fuerte defensa tambi\u00e9n de su esquema salarial contabilizando estar por encima de la inflaci\u00f3n acumulada entre enero de 2024 y 2025, sin contar el \u00faltimo trimestre de 2023 en el que el saldo fue negativo, en el tramo final de la gesti\u00f3n anterior.<\/strong><\/p>\n\n\n\n<p><a target=\"_blank\" rel=\"noreferrer noopener\" href=\"https:\/\/wa.me\/?text=https%3A%2F%2Fwww.rionegro.com.ar%2Fpolitica%2Fgobierno-ratifico-la-politica-salarial-docente-y-afirmo-que-estan-por-encima-de-la-inflacion-4313835%2F\"><\/a><a target=\"_blank\" rel=\"noreferrer noopener\" href=\"http:\/\/www.facebook.com\/sharer.php?u=https%3A%2F%2Fwww.rionegro.com.ar%2Fpolitica%2Fgobierno-ratifico-la-politica-salarial-docente-y-afirmo-que-estan-por-encima-de-la-inflacion-4313835%2F&amp;t=Gobierno+ratific%C3%B3+la+pol%C3%ADtica+salarial+docente+y+afirm%C3%B3+que+est%C3%A1n+%C2%ABpor+encima+de+la+inflaci%C3%B3n%C2%BB\"><\/a><a target=\"_blank\" rel=\"noreferrer noopener\" href=\"https:\/\/twitter.com\/intent\/tweet?text=Gobierno+ratific%C3%B3+la+pol%C3%ADtica+salarial+docente+y+afirm%C3%B3+que+est%C3%A1n+%C2%ABpor+encima+de+la+inflaci%C3%B3n%C2%BB&amp;url=https%3A%2F%2Fwww.rionegro.com.ar%2Fpolitica%2Fgobierno-ratifico-la-politica-salarial-docente-y-afirmo-que-estan-por-encima-de-la-inflacion-4313835%2F\"><\/a><a target=\"_blank\" rel=\"noreferrer noopener\" href=\"https:\/\/t.me\/share\/url?url=https%3A%2F%2Fwww.rionegro.com.ar%2Fpolitica%2Fgobierno-ratifico-la-politica-salarial-docente-y-afirmo-que-estan-por-encima-de-la-inflacion-4313835%2F&amp;text=Gobierno+ratific%C3%B3+la+pol%C3%ADtica+salarial+docente+y+afirm%C3%B3+que+est%C3%A1n+%C2%ABpor+encima+de+la+inflaci%C3%B3n%C2%BB\"><\/a><a target=\"_blank\" rel=\"noreferrer noopener\" href=\"http:\/\/pinterest.com\/pin\/create\/button\/?url=https%3A%2F%2Fwww.rionegro.com.ar%2Fpolitica%2Fgobierno-ratifico-la-politica-salarial-docente-y-afirmo-que-estan-por-encima-de-la-inflacion-4313835%2F&amp;media=https%3A%2F%2Fwww.rionegro.com.ar%2Fwp-content%2Fuploads%2F2024%2F10%2Fttetetetetetett.jpg&amp;description=Gobierno+ratific%C3%B3+la+pol%C3%ADtica+salarial+docente+y+afirm%C3%B3+que+est%C3%A1n+%C2%ABpor+encima+de+la+inflaci%C3%B3n%C2%BB\"><\/a><a target=\"_blank\" rel=\"noreferrer noopener\" href=\"mailto:?subject=Gobierno%20ratific%C3%B3%20la%20pol%C3%ADtica%20salarial%20docente%20y%20afirm%C3%B3%20que%20est%C3%A1n%20%C2%ABpor%20encima%20de%20la%20inflaci%C3%B3n%C2%BB&amp;body=Gobierno%20ratific%C3%B3%20la%20pol%C3%ADtica%20salarial%20docente%20y%20afirm%C3%B3%20que%20est%C3%A1n%20%C2%ABpor%20encima%20de%20la%20inflaci%C3%B3n%C2%BB:%20https:\/\/www.rionegro.com.ar\/politica\/gobierno-ratifico-la-politica-salarial-docente-y-afirmo-que-estan-por-encima-de-la-inflacion-4313835\/\"><\/a><\/p>\n\n\n\n<h2>Cu\u00e1nto cobran los docentes de R\u00edo Negro<\/h2>\n\n\n\n<p>En el an\u00e1lisis que difundi\u00f3 la Provincia, menciona que un&nbsp;<strong>maestro de grado sin antig\u00fcedad&nbsp;<\/strong>cobr\u00f3 en enero 931.067,46 pesos, mientras que en septiembre percibi\u00f3&nbsp;<strong>1.121.547,45 pesos<\/strong>, con un incremento del 20,46%.<\/p>\n\n\n\n<p><strong>Un cargo de 25 horas en una ESRN con 100% de antig\u00fcedad&nbsp;<\/strong>tuvo en enero un salario de 1.316.976,34 pesos. En septiembre lleg\u00f3 a 1.919.401,91 pesos, lo que representa un incremento del 45,74%.<\/p>\n\n\n\n<p>Por su parte, un&nbsp;<strong>director de primera en Escuela Primaria o Secundaria&nbsp;<\/strong>con 110% de antig\u00fcedad cobr\u00f3 en enero 1.741.273,78 pesos. En septiembre percibi\u00f3 2.441.490,04 pesos, es decir, un aumento del 40,21%.<\/p>\n\n\n\n<p>Finalmente, un<strong>&nbsp;supervisor con 110% de antig\u00fcedad<\/strong>&nbsp;tuvo en enero un salario de 2.300.290,28 pesos, mientras que en septiembre alcanz\u00f3 3.061.833,61 pesos, lo que representa un incremento del 33,11%.<\/p>\n\n\n\n<p>Se aclar\u00f3 que en ese an\u00e1lisis salarial no incluyen las sumas fijas no remunerativas por \u00fanica vez otorgadas a lo largo del a\u00f1o.<\/p>\n\n\n\n<p><strong>Fuente: www.rionegro.com.ar<\/strong><\/p>\n","protected":false},"excerpt":{"rendered":"<p>El gobierno de R\u00edo Negro sali\u00f3 al cruce del&nbsp;paro docente por 24 y 48 horas para el pr\u00f3ximo mes, definido ayer en el Congreso Extraordinario de la Unter, con un extenso an\u00e1lisis de los n\u00fameros de la masa salarial y&nbsp;afirm\u00f3 que &#8220;se mantienen por encima de la inflaci\u00f3n&#8221;. Unter en su congreso rechaz\u00f3 la \u00faltima [&hellip;]<\/p>\n","protected":false},"author":5,"featured_media":7688,"comment_status":"open","ping_status":"open","sticky":false,"template":"","format":"standard","meta":[],"categories":[13],"tags":[],"_links":{"self":[{"href":"https:\/\/politicapatagonica.com\/index.php\/wp-json\/wp\/v2\/posts\/7687"}],"collection":[{"href":"https:\/\/politicapatagonica.com\/index.php\/wp-json\/wp\/v2\/posts"}],"about":[{"href":"https:\/\/politicapatagonica.com\/index.php\/wp-json\/wp\/v2\/types\/post"}],"author":[{"embeddable":true,"href":"https:\/\/politicapatagonica.com\/index.php\/wp-json\/wp\/v2\/users\/5"}],"replies":[{"embeddable":true,"href":"https:\/\/politicapatagonica.com\/index.php\/wp-json\/wp\/v2\/comments?post=7687"}],"version-history":[{"count":2,"href":"https:\/\/politicapatagonica.com\/index.php\/wp-json\/wp\/v2\/posts\/7687\/revisions"}],"predecessor-version":[{"id":7703,"href":"https:\/\/politicapatagonica.com\/index.php\/wp-json\/wp\/v2\/posts\/7687\/revisions\/7703"}],"wp:featuredmedia":[{"embeddable":true,"href":"https:\/\/politicapatagonica.com\/index.php\/wp-json\/wp\/v2\/media\/7688"}],"wp:attachment":[{"href":"https:\/\/politicapatagonica.com\/index.php\/wp-json\/wp\/v2\/media?parent=7687"}],"wp:term":[{"taxonomy":"category","embeddable":true,"href":"https:\/\/politicapatagonica.com\/index.php\/wp-json\/wp\/v2\/categories?post=7687"},{"taxonomy":"post_tag","embeddable":true,"href":"https:\/\/politicapatagonica.com\/index.php\/wp-json\/wp\/v2\/tags?post=7687"}],"curies":[{"name":"wp","href":"https:\/\/api.w.org\/{rel}","templated":true}]}}