{"id":7684,"date":"2025-09-25T19:03:47","date_gmt":"2025-09-25T19:03:47","guid":{"rendered":"https:\/\/politicapatagonica.com\/?p=7684"},"modified":"2025-09-26T21:20:46","modified_gmt":"2025-09-26T21:20:46","slug":"torres-convoco-al-municipio-y-a-la-cooperativa-para-que-financien-a-los-bomberos","status":"publish","type":"post","link":"https:\/\/politicapatagonica.com\/index.php\/2025\/09\/25\/torres-convoco-al-municipio-y-a-la-cooperativa-para-que-financien-a-los-bomberos\/","title":{"rendered":"Nacho Torres convoc\u00f3 al municipio de Trelew y a la Cooperativa El\u00e9ctrica para que financien a los Bomberos"},"content":{"rendered":"\n<p><strong>El gobernador del Chubut, Ignacio \u201cNacho\u201d Torres, convoc\u00f3 al intendente de Trelew, Gerardo Merino, y a las autoridades a cargo de la intervenci\u00f3n de la Cooperativa El\u00e9ctrica de la localidad, a alcanzar una instancia de soluci\u00f3n que garantice el financiamiento del servicio de Bomberos Voluntarios, en el marco del impedimento para el cobro de la Tasa a partir de una medida de la Justicia Federal.<\/strong><\/p>\n\n\n\n<p>El mandatario hizo<strong> \u00e9nfasis en el car\u00e1cter fundamental del servicio de Bomberos Voluntarios <\/strong>y plante\u00f3 la necesidad de que las partes \u201calcancen los consensos necesarios para garantizar su financiamiento, y que nuestros bomberos puedan seguir cuidando a todos los chubutenses\u201d.<\/p>\n\n\n\n<p>La situaci\u00f3n se origin\u00f3 luego de que un<strong> fallo del Juzgado Federal N\u00b01 de Rawson rechazara un amparo de la Municipalidad de Trelew que buscaba la continuidad del cobro de la Tasa de Bomberos a trav\u00e9s de la factura de la Cooperativa El\u00e9ctrica.<\/strong> La decisi\u00f3n se enmarca en la Resoluci\u00f3n Nacional N\u00b0 267\/2024 de la Secretar\u00eda de Industria y Comercio de la Naci\u00f3n, que impide a las prestatarias de servicios p\u00fablicos incluir cargos o tasas ajenos a los bienes y servicios que efectivamente brindan.<\/p>\n\n\n\n<p><strong>\u201cEs un servicio fundamental<\/strong>\u201d<\/p>\n\n\n\n<p>Al respecto, Torres subray\u00f3 que<strong> \u201clas tasas son la principal fuente de financiamiento de los cuarteles de Bomberos Voluntarios, que est\u00e1n presentes y ponen el cuerpo, muchas veces arriesgando su vida, cada vez que ocurre un incendio. P<\/strong>or eso esta gesti\u00f3n los acompa\u00f1a desde el primer d\u00eda y los va a seguir acompa\u00f1ando\u201d.<\/p>\n\n\n\n<p>En esa l\u00ednea, sostuvo que <strong>\u201cno se puede desfinanciar a los cuarteles por una decisi\u00f3n nacional que en su momento cuestionamos\u201d.<\/strong><\/p>\n\n\n\n<p>Finalmente<strong>, el Gobernador convoc\u00f3 \u201ctanto al Municipio como a las autoridades de la Cooperativa a construir los consensos necesarios que permitan garantizar el financiamiento de un servicio esencial como el de Bomberos Voluntarios\u201d.<\/strong><\/p>\n\n\n\n<p><strong>Fuente: www.diariojornada.com.ar<\/strong><\/p>\n","protected":false},"excerpt":{"rendered":"<p>El gobernador del Chubut, Ignacio \u201cNacho\u201d Torres, convoc\u00f3 al intendente de Trelew, Gerardo Merino, y a las autoridades a cargo de la intervenci\u00f3n de la Cooperativa El\u00e9ctrica de la localidad, a alcanzar una instancia de soluci\u00f3n que garantice el financiamiento del servicio de Bomberos Voluntarios, en el marco del impedimento para el cobro de la [&hellip;]<\/p>\n","protected":false},"author":5,"featured_media":7685,"comment_status":"open","ping_status":"open","sticky":false,"template":"","format":"standard","meta":[],"categories":[14],"tags":[],"_links":{"self":[{"href":"https:\/\/politicapatagonica.com\/index.php\/wp-json\/wp\/v2\/posts\/7684"}],"collection":[{"href":"https:\/\/politicapatagonica.com\/index.php\/wp-json\/wp\/v2\/posts"}],"about":[{"href":"https:\/\/politicapatagonica.com\/index.php\/wp-json\/wp\/v2\/types\/post"}],"author":[{"embeddable":true,"href":"https:\/\/politicapatagonica.com\/index.php\/wp-json\/wp\/v2\/users\/5"}],"replies":[{"embeddable":true,"href":"https:\/\/politicapatagonica.com\/index.php\/wp-json\/wp\/v2\/comments?post=7684"}],"version-history":[{"count":2,"href":"https:\/\/politicapatagonica.com\/index.php\/wp-json\/wp\/v2\/posts\/7684\/revisions"}],"predecessor-version":[{"id":7701,"href":"https:\/\/politicapatagonica.com\/index.php\/wp-json\/wp\/v2\/posts\/7684\/revisions\/7701"}],"wp:featuredmedia":[{"embeddable":true,"href":"https:\/\/politicapatagonica.com\/index.php\/wp-json\/wp\/v2\/media\/7685"}],"wp:attachment":[{"href":"https:\/\/politicapatagonica.com\/index.php\/wp-json\/wp\/v2\/media?parent=7684"}],"wp:term":[{"taxonomy":"category","embeddable":true,"href":"https:\/\/politicapatagonica.com\/index.php\/wp-json\/wp\/v2\/categories?post=7684"},{"taxonomy":"post_tag","embeddable":true,"href":"https:\/\/politicapatagonica.com\/index.php\/wp-json\/wp\/v2\/tags?post=7684"}],"curies":[{"name":"wp","href":"https:\/\/api.w.org\/{rel}","templated":true}]}}