{"id":7669,"date":"2025-09-24T20:10:15","date_gmt":"2025-09-24T20:10:15","guid":{"rendered":"https:\/\/politicapatagonica.com\/?p=7669"},"modified":"2025-09-25T00:16:59","modified_gmt":"2025-09-25T00:16:59","slug":"figueroa-apuesta-a-la-produccion-neuquina-y-celebra-la-eliminacion-de-retenciones","status":"publish","type":"post","link":"https:\/\/politicapatagonica.com\/index.php\/2025\/09\/24\/figueroa-apuesta-a-la-produccion-neuquina-y-celebra-la-eliminacion-de-retenciones\/","title":{"rendered":"Figueroa apuesta a la producci\u00f3n neuquina y celebra la eliminaci\u00f3n de retenciones dispuesta por Milei"},"content":{"rendered":"\n<p>El gobernador de&nbsp;<strong>Neuqu\u00e9n, Rolando Figueroa<\/strong>, afirm\u00f3 que&nbsp;observa &#8220;con muy buenos ojos la eliminaci\u00f3n, aunque sea temporaria, de las retenciones&#8221;&nbsp;y expres\u00f3 su deseo de que la medida se extienda tambi\u00e9n a la actividad petrolera. El mandatario encabez\u00f3 la presentaci\u00f3n de la&nbsp;<strong>Expo Bovinos 2025&nbsp;<\/strong>y la&nbsp;<strong>Expo Rural 2026<\/strong>, organizadas por la&nbsp;<strong>Sociedad Rural del Neuqu\u00e9n&nbsp;<\/strong>(SRN), que se desarrollar\u00e1n en octubre y enero respectivamente, en la&nbsp;<strong>Torre del Banco Provincia del Neuqu\u00e9n<\/strong>&nbsp;(BPN).<\/p>\n\n\n\n<h3>&#8220;Ojal\u00e1 no sea simplemente una medida electoralista, sino que puedan eliminarse de ac\u00e1 en adelante&#8221;, sostuvo Figueroa, y agreg\u00f3: &#8220;Ojal\u00e1 tambi\u00e9n se pueda contemplar la eliminaci\u00f3n de las retenciones al hidrocarburo, que es una suma muy importante que termina perdiendo la provincia del Neuqu\u00e9n&#8221;.&nbsp;<\/h3>\n\n\n\n<p>El gobernador destac\u00f3 la relevancia del sector productivo en la provincia y se\u00f1al\u00f3 que&nbsp;<strong>&#8220;debemos generar las condiciones para que pueda seguir creciendo&#8221;<\/strong>, al tiempo que resalt\u00f3 que &#8220;hemos ido encarando las diferentes crisis de los distintos sectores con una presencia del Estado muy importante&#8221;.<\/p>\n\n\n\n<h3>Figueroa consider\u00f3 que la eliminaci\u00f3n de retenciones &#8220;es un paso adelante, pero hay muchos otros por dar y no podemos dejar todo librado al \u2018s\u00e1lvese quien pueda'&#8221;. Se\u00f1al\u00f3 que en situaciones como el incendio del a\u00f1o pasado o la sequ\u00eda actual, la presencia del Estado resulta fundamental.&nbsp;<\/h3>\n\n\n\n<p>&#8220;El Estado puede estar presente cuando es mucho m\u00e1s eficiente, cuando elimina los gastos innecesarios y se focaliza en los gastos indispensables&#8221;, remarc\u00f3, y advirti\u00f3 sobre la necesidad de&nbsp;<strong>optimizar la utilizaci\u00f3n del agua&nbsp;<\/strong>ante la mayor presi\u00f3n en la cuenca del&nbsp;<strong>Limay&nbsp;<\/strong>respecto a la del&nbsp;<strong>Neuqu\u00e9n.<\/strong><\/p>\n\n\n\n<p>En otro tramo de su discurso,&nbsp;<strong>Figueroa&nbsp;<\/strong>abord\u00f3 la construcci\u00f3n de rutas en el interior provincial, que permite colocar la producci\u00f3n de manera m\u00e1s eficiente y reducir costos en el traslado de insumos. Atribuy\u00f3 un papel clave al secretario de Producci\u00f3n e Industria,&nbsp;<strong>Diego Garc\u00eda Rambeaud<\/strong>, en la mejora de diversos aspectos de la gesti\u00f3n, se\u00f1alando que su trabajo permite un accionar m\u00e1s efectivo del&nbsp;<strong>Estado.&nbsp;<\/strong><\/p>\n\n\n\n<h3>En la hoja de ruta del gobierno, afirm\u00f3 que en los pr\u00f3ximos meses se trabajar\u00e1 en prevenir la sobrecarga de los campos y en generar mecanismos para almacenar alimentos hasta el a\u00f1o siguiente con la colaboraci\u00f3n del BPN.<\/h3>\n\n\n\n<p>El gobernador tambi\u00e9n destac\u00f3 la importancia de<strong>&nbsp;asegurar el abastecimiento de agua&nbsp;<\/strong>mediante la compra y contrataci\u00f3n de camiones para estar cerca de los productores y adelant\u00f3 la preparaci\u00f3n ante una temporada de alto riesgo de incendios.&nbsp;<\/p>\n\n\n\n<p>En ese contexto, ponder\u00f3 el trabajo conjunto con el gobierno de&nbsp;<strong>Chile&nbsp;<\/strong>y&nbsp;<strong>Parques Nacionales<\/strong>&nbsp;para combatir incendios de manera eficiente, se\u00f1alando que protocolos internacionales permiten que&nbsp;<strong>&#8220;el que est\u00e1 m\u00e1s cerca llega primero, sin importar la jurisdicci\u00f3n&#8221;.<\/strong>&nbsp;Record\u00f3 que, gracias al esfuerzo de brigadistas, productores y la presencia del&nbsp;<strong>Estado<\/strong>, durante el \u00faltimo gran incendio se evit\u00f3 que el fuego arrasara con todo el&nbsp;<strong>Parque Nacional Lan\u00edn<\/strong>&nbsp;y alcanzara&nbsp;<strong>Jun\u00edn de los Andes<\/strong>, aunque el combate al incendio le cost\u00f3 a la provincia alrededor de&nbsp;<strong>21 millones de d\u00f3lares.<\/strong><\/p>\n\n\n\n<p><strong>Figueroa&nbsp;<\/strong>critic\u00f3 la demora de decisiones que vienen desde&nbsp;<strong>Buenos Aires<\/strong>&nbsp;y destac\u00f3 la autonom\u00eda provincial: &#8220;En&nbsp;<strong>Neuqu\u00e9n&nbsp;<\/strong>las cosas son diferentes porque&nbsp;<strong>hemos creado una forma de vida y de gobernanza&nbsp;<\/strong>que es defender&nbsp;<strong>Neuqu\u00e9n<\/strong>&nbsp;por sobre todas las cosas&#8221;. Enfatiz\u00f3 la importancia de continuar en esa senda, valorando y cuidando los recursos locales para fortalecer la provincia.<\/p>\n\n\n\n<p>Por su parte, el secretario&nbsp;<strong>Rambeaud<\/strong>&nbsp;resalt\u00f3 la colaboraci\u00f3n entre instituciones,&nbsp;<strong>Sociedad Rural<\/strong>, representantes de productores y el gobierno, destacando que los productores constituyen el insumo y la hoja de ruta para delinear pol\u00edticas sectoriales.&nbsp;<\/p>\n\n\n\n<p>Explic\u00f3 que, frente a la sequ\u00eda,&nbsp;<strong>se han dise\u00f1ado estrategias amplias y conscientes<\/strong>&nbsp;para todos los perfiles de productores, con el objetivo de modificar el paradigma del uso de los pastizales naturales, primer insumo de la ganader\u00eda extensiva, y se implementar\u00e1 un plan de capacitaciones en toda la provincia para fomentar la concientizaci\u00f3n, la formaci\u00f3n t\u00e9cnica y la buena toma de decisiones en la descarga de campos.<\/p>\n\n\n\n<p>La presidenta de la&nbsp;<strong>SRN<\/strong>,&nbsp;<strong>Cecilia de Larminat<\/strong>, destac\u00f3 que pese a las dificultades actuales, los productores&nbsp;<strong>siguen invirtiendo en mejorar la gen\u00e9tica y aplicar nuevas tecnolog\u00edas.<\/strong>&nbsp;Indic\u00f3 que en la edici\u00f3n de octubre se brindar\u00e1n charlas t\u00e9cnicas y se realizar\u00e1 la reuni\u00f3n de la mesa del campo neuquino, abordando la emergencia desde la perspectiva productiva y la prevenci\u00f3n de incendios.<\/p>\n\n\n\n<h3>El lanzamiento del evento en la capital provincial se realiz\u00f3 luego de su presentaci\u00f3n en la Rural de Palermo en julio, y cont\u00f3 con la presencia del presidente del BPN, Gabriel Bosco, y del subsecretario de Producci\u00f3n, Marcelo Z\u00fa\u00f1iga, entre otros.<\/h3>\n\n\n\n<p>La&nbsp;<strong>Expo Bovinos 2025<\/strong>&nbsp;y&nbsp;<strong>Remate Anual de Reproductores&nbsp;<\/strong>se llevar\u00e1 a cabo del 22 al 24 de octubre en el predio de la&nbsp;<strong>SRN<\/strong>&nbsp;en<strong>&nbsp;Jun\u00edn de los Andes<\/strong>, mientras que la&nbsp;<strong>83\u00b0 Expo Rural y Exposici\u00f3n de Caballos de la Patagonia&nbsp;<\/strong>se desarrollar\u00e1 del 21 al 25 de enero de 2026.<\/p>\n\n\n\n<p><strong>Fuente: www.neuquenpost.com<\/strong><\/p>\n","protected":false},"excerpt":{"rendered":"<p>El gobernador de&nbsp;Neuqu\u00e9n, Rolando Figueroa, afirm\u00f3 que&nbsp;observa &#8220;con muy buenos ojos la eliminaci\u00f3n, aunque sea temporaria, de las retenciones&#8221;&nbsp;y expres\u00f3 su deseo de que la medida se extienda tambi\u00e9n a la actividad petrolera. El mandatario encabez\u00f3 la presentaci\u00f3n de la&nbsp;Expo Bovinos 2025&nbsp;y la&nbsp;Expo Rural 2026, organizadas por la&nbsp;Sociedad Rural del Neuqu\u00e9n&nbsp;(SRN), que se desarrollar\u00e1n en [&hellip;]<\/p>\n","protected":false},"author":5,"featured_media":7670,"comment_status":"open","ping_status":"open","sticky":false,"template":"","format":"standard","meta":[],"categories":[9],"tags":[],"_links":{"self":[{"href":"https:\/\/politicapatagonica.com\/index.php\/wp-json\/wp\/v2\/posts\/7669"}],"collection":[{"href":"https:\/\/politicapatagonica.com\/index.php\/wp-json\/wp\/v2\/posts"}],"about":[{"href":"https:\/\/politicapatagonica.com\/index.php\/wp-json\/wp\/v2\/types\/post"}],"author":[{"embeddable":true,"href":"https:\/\/politicapatagonica.com\/index.php\/wp-json\/wp\/v2\/users\/5"}],"replies":[{"embeddable":true,"href":"https:\/\/politicapatagonica.com\/index.php\/wp-json\/wp\/v2\/comments?post=7669"}],"version-history":[{"count":2,"href":"https:\/\/politicapatagonica.com\/index.php\/wp-json\/wp\/v2\/posts\/7669\/revisions"}],"predecessor-version":[{"id":7683,"href":"https:\/\/politicapatagonica.com\/index.php\/wp-json\/wp\/v2\/posts\/7669\/revisions\/7683"}],"wp:featuredmedia":[{"embeddable":true,"href":"https:\/\/politicapatagonica.com\/index.php\/wp-json\/wp\/v2\/media\/7670"}],"wp:attachment":[{"href":"https:\/\/politicapatagonica.com\/index.php\/wp-json\/wp\/v2\/media?parent=7669"}],"wp:term":[{"taxonomy":"category","embeddable":true,"href":"https:\/\/politicapatagonica.com\/index.php\/wp-json\/wp\/v2\/categories?post=7669"},{"taxonomy":"post_tag","embeddable":true,"href":"https:\/\/politicapatagonica.com\/index.php\/wp-json\/wp\/v2\/tags?post=7669"}],"curies":[{"name":"wp","href":"https:\/\/api.w.org\/{rel}","templated":true}]}}