{"id":7666,"date":"2025-09-24T19:18:37","date_gmt":"2025-09-24T19:18:37","guid":{"rendered":"https:\/\/politicapatagonica.com\/?p=7666"},"modified":"2025-09-25T00:09:55","modified_gmt":"2025-09-25T00:09:55","slug":"la-municipalidad-de-santa-rosa-defiende-los-proyectos-de-loteos","status":"publish","type":"post","link":"https:\/\/politicapatagonica.com\/index.php\/2025\/09\/24\/la-municipalidad-de-santa-rosa-defiende-los-proyectos-de-loteos\/","title":{"rendered":"La Municipalidad de Santa Rosa en La Pampa defiende los proyectos de loteos que puso bajo la lupa la oposici\u00f3n"},"content":{"rendered":"\n<p><strong>El Ejecutivo de la Municipalidad de Santa Rosa hizo una encendida defensa de los proyectos de loteo que se presentaron en el Concejo Deliberante, y que la oposici\u00f3n puso bajo cuestionamiento.<\/strong><\/p>\n\n\n\n<p>Seg\u00fan el gabinete del&nbsp;<strong>intendente Luciano di N\u00e1poli<\/strong>, esas iniciativas, centralizadas sobre todo en la<strong> Ruta 5 y en la Ruta 35 <\/strong>sur, no representan excepciones al C\u00f3digo Urban\u00edstico.<\/p>\n\n\n\n<p>El que llev\u00f3 la voz cantante en ese sentido fue el&nbsp;secretario de Obras P\u00fablicas,&nbsp;<strong>Walter Boneff<\/strong>. <strong>El funcionario sali\u00f3 al cruce de concejales del radicalismo que plantean que las zonas previstas para ese crecimiento son inconvenientes porque no cuentan con los servicios p\u00fablicos.<\/strong><\/p>\n\n\n\n<p>Boneff apunt\u00f3 que &#8220;<strong>hay loteos en los que hemos exigido proyectos de redes, tanto de cloacas como de agua e incluso de obras, algo que es in\u00e9dito<\/strong>, porque antes se aprobaban sin ning\u00fan tipo de exigencia en ese sentido. Estamos trabajando intensamente en esto de ver la posibilidad de avanzar con proyectos u obras en el caso de que sea factible&#8221;.<\/p>\n\n\n\n<p>&#8220;<strong>No est\u00e1 sucediendo ni m\u00e1s ni menos que lo que el C\u00f3digo establece<\/strong>, que las \u00e1reas B tienen que tener previamente la autorizaci\u00f3n del Concejo Deliberante&#8221;, asever\u00f3 Boneff.&nbsp;<\/p>\n\n\n\n<p>Boneff record\u00f3 que el C\u00f3digo &#8220;ya&nbsp;<strong>establece determinadas \u00e1reas de crecimiento de la ciudad<\/strong>. Ah\u00ed est\u00e1n bastante espec\u00edficas las condiciones que se establecen para dar aprobaci\u00f3n. <strong>Estuvimos trabajando mucho en las subdivisiones, en estar atentos a los proyectos de servicios y obras, para poder exigir a los privados y favorecer al emprendimiento&#8221;<\/strong>, dijo.<\/p>\n\n\n\n<p>El Ejecutivo insiste en que esos loteos &#8220;<strong>no tienen pedido de excepci\u00f3n<\/strong>. Hay algunas \u00e1reas que establece el c\u00f3digo que son de inversi\u00f3n futura y tienen distintas clasificaciones.<strong> El tipo A, el Ejecutivo puede autorizarles de manera directa y las tipos B y C necesitan de la aprobaci\u00f3n del Concejo Deliberante. No son pedidos de excepciones, sino pedidos preestablecidos en el C\u00f3digo Urban\u00edstico&#8221;.&nbsp;<\/strong><\/p>\n\n\n\n<p><strong>Fuente: www.eldiariodelapampa.com.ar<\/strong><\/p>\n","protected":false},"excerpt":{"rendered":"<p>El Ejecutivo de la Municipalidad de Santa Rosa hizo una encendida defensa de los proyectos de loteo que se presentaron en el Concejo Deliberante, y que la oposici\u00f3n puso bajo cuestionamiento. Seg\u00fan el gabinete del&nbsp;intendente Luciano di N\u00e1poli, esas iniciativas, centralizadas sobre todo en la Ruta 5 y en la Ruta 35 sur, no representan [&hellip;]<\/p>\n","protected":false},"author":5,"featured_media":7667,"comment_status":"open","ping_status":"open","sticky":false,"template":"","format":"standard","meta":[],"categories":[10],"tags":[],"_links":{"self":[{"href":"https:\/\/politicapatagonica.com\/index.php\/wp-json\/wp\/v2\/posts\/7666"}],"collection":[{"href":"https:\/\/politicapatagonica.com\/index.php\/wp-json\/wp\/v2\/posts"}],"about":[{"href":"https:\/\/politicapatagonica.com\/index.php\/wp-json\/wp\/v2\/types\/post"}],"author":[{"embeddable":true,"href":"https:\/\/politicapatagonica.com\/index.php\/wp-json\/wp\/v2\/users\/5"}],"replies":[{"embeddable":true,"href":"https:\/\/politicapatagonica.com\/index.php\/wp-json\/wp\/v2\/comments?post=7666"}],"version-history":[{"count":2,"href":"https:\/\/politicapatagonica.com\/index.php\/wp-json\/wp\/v2\/posts\/7666\/revisions"}],"predecessor-version":[{"id":7682,"href":"https:\/\/politicapatagonica.com\/index.php\/wp-json\/wp\/v2\/posts\/7666\/revisions\/7682"}],"wp:featuredmedia":[{"embeddable":true,"href":"https:\/\/politicapatagonica.com\/index.php\/wp-json\/wp\/v2\/media\/7667"}],"wp:attachment":[{"href":"https:\/\/politicapatagonica.com\/index.php\/wp-json\/wp\/v2\/media?parent=7666"}],"wp:term":[{"taxonomy":"category","embeddable":true,"href":"https:\/\/politicapatagonica.com\/index.php\/wp-json\/wp\/v2\/categories?post=7666"},{"taxonomy":"post_tag","embeddable":true,"href":"https:\/\/politicapatagonica.com\/index.php\/wp-json\/wp\/v2\/tags?post=7666"}],"curies":[{"name":"wp","href":"https:\/\/api.w.org\/{rel}","templated":true}]}}