{"id":7654,"date":"2025-09-23T21:29:18","date_gmt":"2025-09-23T21:29:18","guid":{"rendered":"https:\/\/politicapatagonica.com\/?p=7654"},"modified":"2025-09-24T23:50:01","modified_gmt":"2025-09-24T23:50:01","slug":"con-inteligencia-artificial-y-mas-camaras-se-puso-en-marcha-el-plan-rio-negro-seguro","status":"publish","type":"post","link":"https:\/\/politicapatagonica.com\/index.php\/2025\/09\/23\/con-inteligencia-artificial-y-mas-camaras-se-puso-en-marcha-el-plan-rio-negro-seguro\/","title":{"rendered":"Con inteligencia artificial y m\u00e1s c\u00e1maras se puso en marcha el plan R\u00edo Negro Seguro"},"content":{"rendered":"\n<p>El Gobierno provincial puso en marcha el plan <strong>R\u00edo Negro Seguro<\/strong>, una iniciativa que busca modernizar el sistema de videovigilancia a trav\u00e9s de una&nbsp;<strong>inversi\u00f3n de 12 millones de d\u00f3lares<\/strong>&nbsp;en general. El programa contempla triplicar la cantidad de c\u00e1maras de seguridad<strong>, sumar nuevos agentes y utilizar inteligencia artificial&nbsp;<\/strong>para prevenir delitos y optimizar la respuesta ante emergencias.<\/p>\n\n\n\n<p>La implementaci\u00f3n del plan ya comenz\u00f3 en&nbsp;<strong>Cipolletti, con la refuncionalizaci\u00f3n del Centro de Monitoreo del 911.<\/strong> Seg\u00fan detall\u00f3 el ministro de Seguridad y Justicia, Daniel Jara, la ciudad&nbsp;<strong>pasar\u00e1 de 60 a 160 c\u00e1maras<\/strong>, que contar\u00e1n con lectoras de patentes y anal\u00edtica de video.<\/p>\n\n\n\n<p><strong>El intendente Rodrigo Buteler&nbsp;vincul\u00f3 la inversi\u00f3n a la necesidad de reforzar los controles por el crecimiento que vive la ciudad, impulsado por el desarrollo de Vaca Muerta en la vecina Neuqu\u00e9n. &#8220;Esta inversi\u00f3n marca un antes y un despu\u00e9s, no solo en prevenci\u00f3n, sino tambi\u00e9n en la lucha contra el delito y el narcotr\u00e1fico&#8221;,<\/strong> afirm\u00f3.<\/p>\n\n\n\n<p>A nivel provincial, el plan incluye la incorporaci\u00f3n de&nbsp;<strong>110 agentes capacitados en nuevas tecnolog\u00edas<\/strong>&nbsp;y el aumento del parque de c\u00e1maras de 400 a 1.300, ampliando la cobertura en calles, accesos y rutas estrat\u00e9gicas.<\/p>\n\n\n\n<p>Otro de los ejes es la puesta en marcha del&nbsp;<strong>&#8220;Anillo Provincial de Seguridad<\/strong>&#8220;, un sistema que interconectar\u00e1 a las ciudades para coordinar operativos y emergencias en tiempo real, utilizando sistemas de geolocalizaci\u00f3n en los m\u00f3viles policiales. Seg\u00fan el subsecretario Jos\u00e9 Arcajo, esto \u201csignifica un salto cualitativo en la capacidad de prevenci\u00f3n\u201d.<\/p>\n\n\n\n<p><strong>Fuente: www.rionegro.com.ar<\/strong><\/p>\n","protected":false},"excerpt":{"rendered":"<p>El Gobierno provincial puso en marcha el plan R\u00edo Negro Seguro, una iniciativa que busca modernizar el sistema de videovigilancia a trav\u00e9s de una&nbsp;inversi\u00f3n de 12 millones de d\u00f3lares&nbsp;en general. El programa contempla triplicar la cantidad de c\u00e1maras de seguridad, sumar nuevos agentes y utilizar inteligencia artificial&nbsp;para prevenir delitos y optimizar la respuesta ante emergencias. [&hellip;]<\/p>\n","protected":false},"author":5,"featured_media":7655,"comment_status":"open","ping_status":"open","sticky":false,"template":"","format":"standard","meta":[],"categories":[13],"tags":[],"_links":{"self":[{"href":"https:\/\/politicapatagonica.com\/index.php\/wp-json\/wp\/v2\/posts\/7654"}],"collection":[{"href":"https:\/\/politicapatagonica.com\/index.php\/wp-json\/wp\/v2\/posts"}],"about":[{"href":"https:\/\/politicapatagonica.com\/index.php\/wp-json\/wp\/v2\/types\/post"}],"author":[{"embeddable":true,"href":"https:\/\/politicapatagonica.com\/index.php\/wp-json\/wp\/v2\/users\/5"}],"replies":[{"embeddable":true,"href":"https:\/\/politicapatagonica.com\/index.php\/wp-json\/wp\/v2\/comments?post=7654"}],"version-history":[{"count":3,"href":"https:\/\/politicapatagonica.com\/index.php\/wp-json\/wp\/v2\/posts\/7654\/revisions"}],"predecessor-version":[{"id":7676,"href":"https:\/\/politicapatagonica.com\/index.php\/wp-json\/wp\/v2\/posts\/7654\/revisions\/7676"}],"wp:featuredmedia":[{"embeddable":true,"href":"https:\/\/politicapatagonica.com\/index.php\/wp-json\/wp\/v2\/media\/7655"}],"wp:attachment":[{"href":"https:\/\/politicapatagonica.com\/index.php\/wp-json\/wp\/v2\/media?parent=7654"}],"wp:term":[{"taxonomy":"category","embeddable":true,"href":"https:\/\/politicapatagonica.com\/index.php\/wp-json\/wp\/v2\/categories?post=7654"},{"taxonomy":"post_tag","embeddable":true,"href":"https:\/\/politicapatagonica.com\/index.php\/wp-json\/wp\/v2\/tags?post=7654"}],"curies":[{"name":"wp","href":"https:\/\/api.w.org\/{rel}","templated":true}]}}