{"id":7651,"date":"2025-09-23T20:14:22","date_gmt":"2025-09-23T20:14:22","guid":{"rendered":"https:\/\/politicapatagonica.com\/?p=7651"},"modified":"2025-09-24T23:45:46","modified_gmt":"2025-09-24T23:45:46","slug":"torres-anuncio-aumento-para-el-primer-nivel-de-atencion-seguimos-trabajando-para-garantizar-una-salud-de-calidad-en-toda-la-provincia","status":"publish","type":"post","link":"https:\/\/politicapatagonica.com\/index.php\/2025\/09\/23\/torres-anuncio-aumento-para-el-primer-nivel-de-atencion-seguimos-trabajando-para-garantizar-una-salud-de-calidad-en-toda-la-provincia\/","title":{"rendered":"El gobernador de Chubut anunci\u00f3 aumento para los trabajadores del Primer Nivel de Atenci\u00f3n en salud"},"content":{"rendered":"\n<p>El gobernador de Chubut, Ignacio \u201cNacho\u201d Torres, encabez\u00f3 una reuni\u00f3n con representantes de los gremios de la salud en la cual anunci\u00f3 un incremento significativo en el adicional que perciben los trabajadores del Primer Nivel de Atenci\u00f3n, \u00edtem que alcanzar\u00e1 tanto a profesionales m\u00e9dicos como a no m\u00e9dicos. Al t\u00e9rmino del encuentro el Gobernador y los representantes de los distintos gremios recorrieron las instalaciones del Hospital de Alta Complejidad Mar\u00eda Humprheys de Trelew, de cara a su pr\u00f3xima inauguraci\u00f3n.<\/p>\n\n\n\n<p>Participaron junto al mandatario el secretario de Trabajo provincial, Nicol\u00e1s Z\u00e1rate; la secretaria de Salud, Denise Acosta; y los representantes gremiales Guillermo Quiroga (ATE), Cristian Salazar (UPCN) y Sara Barrera (ATSA).<\/p>\n\n\n\n<p>Por primera vez se incorpora al beneficio, que regir\u00e1 a partir del Decreto firmado por el Gobernador, a las Trabajadoras Comunitarias de Salud en Terreno, reconociendo formalmente su rol esencial en la promoci\u00f3n y prevenci\u00f3n de la salud. En total, la medida alcanzar\u00e1 a m\u00e1s de mil empleados del sector que prestan funciones en los 62 Centros de Atenci\u00f3n Primaria de la Salud (CAPS) de la provincia.<\/p>\n\n\n\n<p><strong>Inversi\u00f3n en calidad de vida<\/strong><\/p>\n\n\n\n<p>Al respecto, Torres puso en relieve la importancia del Primer Nivel de Atenci\u00f3n \u201ccomo la puerta de entrada al sistema de salud y eje ordenador de las pol\u00edticas sanitarias\u201d, y remarc\u00f3 que los CAPS \u201cgarantizan la accesibilidad a la atenci\u00f3n m\u00e9dica, promueven el trabajo territorial interdisciplinario y consolidan el v\u00ednculo cotidiano con la comunidad\u201d.<\/p>\n\n\n\n<p>\u201cHoy queremos fortalecer el rol de los trabajadores que, en este nivel, sostienen el contacto directo con la poblaci\u00f3n, brindando respuestas tempranas y acompa\u00f1amiento continuo. Por eso, en un momento complejo a nivel nacional al cual Chubut no es ajeno, para nosotros mejorar las condiciones del sector no es un gasto, sino una inversi\u00f3n en la calidad de vida de los chubutenses\u201d, expres\u00f3 Torres.<\/p>\n\n\n\n<p>El mandatario consider\u00f3 que la labor de quienes integran el Primer Nivel de Atenci\u00f3n \u201ces clave para la equidad sanitaria, la prevenci\u00f3n de enfermedades y la promoci\u00f3n de h\u00e1bitos saludables\u201d, y ratific\u00f3 que la decisi\u00f3n de incrementar dichas percepciones \u201ces un reconocimiento concreto a la tarea diaria y al impacto sanitario que generan los equipos de salud en el territorio\u201d.<\/p>\n\n\n\n<p><strong>\u201cSon un puente vital\u201d<\/strong><\/p>\n\n\n\n<p>Por su parte, la secretaria de Salud de Chubut, Denise Acosta, destac\u00f3: \u201cCon este decreto no solo mejoramos el salario de m\u00e9dicos, enfermeros, administrativos y agentes de salud del primer nivel, sino que tambi\u00e9n damos un paso hist\u00f3rico al incluir a las trabajadoras comunitarias, que son un puente vital entre el sistema sanitario y las familias de cada barrio y localidad\u201d.<\/p>\n\n\n\n<p><strong>Fuente: www.elchubut.com.ar<\/strong><\/p>\n","protected":false},"excerpt":{"rendered":"<p>El gobernador de Chubut, Ignacio \u201cNacho\u201d Torres, encabez\u00f3 una reuni\u00f3n con representantes de los gremios de la salud en la cual anunci\u00f3 un incremento significativo en el adicional que perciben los trabajadores del Primer Nivel de Atenci\u00f3n, \u00edtem que alcanzar\u00e1 tanto a profesionales m\u00e9dicos como a no m\u00e9dicos. Al t\u00e9rmino del encuentro el Gobernador y [&hellip;]<\/p>\n","protected":false},"author":5,"featured_media":7652,"comment_status":"open","ping_status":"open","sticky":false,"template":"","format":"standard","meta":[],"categories":[14],"tags":[],"_links":{"self":[{"href":"https:\/\/politicapatagonica.com\/index.php\/wp-json\/wp\/v2\/posts\/7651"}],"collection":[{"href":"https:\/\/politicapatagonica.com\/index.php\/wp-json\/wp\/v2\/posts"}],"about":[{"href":"https:\/\/politicapatagonica.com\/index.php\/wp-json\/wp\/v2\/types\/post"}],"author":[{"embeddable":true,"href":"https:\/\/politicapatagonica.com\/index.php\/wp-json\/wp\/v2\/users\/5"}],"replies":[{"embeddable":true,"href":"https:\/\/politicapatagonica.com\/index.php\/wp-json\/wp\/v2\/comments?post=7651"}],"version-history":[{"count":2,"href":"https:\/\/politicapatagonica.com\/index.php\/wp-json\/wp\/v2\/posts\/7651\/revisions"}],"predecessor-version":[{"id":7674,"href":"https:\/\/politicapatagonica.com\/index.php\/wp-json\/wp\/v2\/posts\/7651\/revisions\/7674"}],"wp:featuredmedia":[{"embeddable":true,"href":"https:\/\/politicapatagonica.com\/index.php\/wp-json\/wp\/v2\/media\/7652"}],"wp:attachment":[{"href":"https:\/\/politicapatagonica.com\/index.php\/wp-json\/wp\/v2\/media?parent=7651"}],"wp:term":[{"taxonomy":"category","embeddable":true,"href":"https:\/\/politicapatagonica.com\/index.php\/wp-json\/wp\/v2\/categories?post=7651"},{"taxonomy":"post_tag","embeddable":true,"href":"https:\/\/politicapatagonica.com\/index.php\/wp-json\/wp\/v2\/tags?post=7651"}],"curies":[{"name":"wp","href":"https:\/\/api.w.org\/{rel}","templated":true}]}}