{"id":7644,"date":"2025-09-22T23:42:40","date_gmt":"2025-09-22T23:42:40","guid":{"rendered":"https:\/\/politicapatagonica.com\/?p=7644"},"modified":"2025-09-22T23:44:06","modified_gmt":"2025-09-22T23:44:06","slug":"neuquen-confirmo-cuantos-aviones-hidrantes-alquilara-para-combatir-incendios-el-proximo-verano","status":"publish","type":"post","link":"https:\/\/politicapatagonica.com\/index.php\/2025\/09\/22\/neuquen-confirmo-cuantos-aviones-hidrantes-alquilara-para-combatir-incendios-el-proximo-verano\/","title":{"rendered":"Neuqu\u00e9n confirm\u00f3 cu\u00e1ntos aviones hidrantes alquilar\u00e1 para combatir incendios el pr\u00f3ximo verano"},"content":{"rendered":"\n<p>El gobierno de Neuqu\u00e9n anunci\u00f3 que licitar\u00e1 la incorporaci\u00f3n de&nbsp;<strong>al menos tres medios a\u00e9reos<\/strong>&nbsp;destinados al&nbsp;combate de incendios&nbsp;en la provincia. El objetivo es sumar recursos de cara a la pr\u00f3xima temporada de verano, en el contexto de<strong>&nbsp;la fuerte sequ\u00eda que atraviesa la regi\u00f3n, sobre todo, la zona andina.<\/strong><\/p>\n\n\n\n<p>As\u00ed lo comunic\u00f3 este lunes el ministro de Seguridad, Mat\u00edas Nicolini. El funcionario acompa\u00f1\u00f3 al gobernador Rolando Figueroa, un grupo de intendentes y otros integrantes del gabinete&nbsp;<strong>en la entrega de equipamiento para la Polic\u00eda y su divisi\u00f3n de bomberos, en un acto realizado en horas de la ma\u00f1ana.<\/strong><\/p>\n\n\n\n<h2>Combate de incendios en Neuqu\u00e9n: cu\u00e1ntas aeronaves saldr\u00e1n a alquilar<\/h2>\n\n\n\n<p>La intenci\u00f3n es obtener, por lo menos, <strong>dos aviones hidrantes y un helic\u00f3ptero.<\/strong>&nbsp;Ser\u00eda por medio de una modalidad de \u00abalquiler\u00bb de horas de vuelo, adjudicadas luego de un proceso de licitaci\u00f3n cuyos detalles se dar\u00e1n a conocer pr\u00f3ximamente.<\/p>\n\n\n\n<p>Neuqu\u00e9n, vale recordar, viene de atravesar uno de los veranos m\u00e1s complejos de su historia en cuanto a incendios. <strong>El de mayor magnitud, que se dio en la zona del Valle de Magdalena, afect\u00f3 miles de hect\u00e1reas del parque nacional Lan\u00edn, sobre la cordillera de los Andes.<\/strong><\/p>\n\n\n\n<p>Nicolini precis\u00f3 que la provincia&nbsp;<strong>no cuenta con aviones hidrantes propios<\/strong>. Indic\u00f3 que, actualmente, el sistema de emergencias solo posee una flota de helic\u00f3pteros, que, si bien se pueden adaptar al transporte de agua, no son suficientes para garantizar una capacidad de respuesta adecuada.<\/p>\n\n\n\n<h2>Qu\u00e9 pasa con la ley de Manejo de Fuego en Neuqu\u00e9n<\/h2>\n\n\n\n<p>El titular de Seguridad tambi\u00e9n habl\u00f3 de la ley para crear un Sistema Provincial de Manejo del Fuego que Figueroa envi\u00f3 a la Legislatura en marzo pasado y<strong>&nbsp;todav\u00eda no cuenta con despacho unificado para votarse en el recinto.<\/strong><\/p>\n\n\n\n<p>Al respecto, indic\u00f3 que el proyecto contin\u00faa \u00absu tr\u00e1mite normal\u00bb y que la eventual sanci\u00f3n, planteada inicialmente para la antesala del verano<strong>, responder\u00e1 a &#8220;los tiempos de los legisladores y las comisiones&#8221;.<\/strong><\/p>\n\n\n\n<p>De todas formas asegur\u00f3 que el Gobierno sigue trabajando para anticiparse a las situaciones de emergencia. En concreto, dijo que lo est\u00e1 haciendo con la entrega de equipamiento y el fomento de capacitaciones para el personal.<\/p>\n\n\n\n<h2>Dos nuevas unidades de bomberos para la Polic\u00eda<\/h2>\n\n\n\n<p><strong>El acto de esta ma\u00f1ana se realiz\u00f3 en la Jefatura de la Polic\u00eda neuquina. Adem\u00e1s del mandatario y su ministro de seguridad, estuvieron presentes el intendente capitalino Mariano Gaido, el intendente de Zapala, Carlos Koopman; y la secretaria de Emergencias y Gesti\u00f3n del Riesgo, Luciana Ortiz Luna, entre otros funcionarios.<\/strong><\/p>\n\n\n\n<p>All\u00ed se formaliz\u00f3 la entrega de equipamiento por m\u00e1s de 1.200 millones de pesos para la fuerza de seguridad, en especial para su divisi\u00f3n de bomberos. En total, recibi\u00f3 cuatro minibuses, siete pick ups 4\u00d74, 51 mangueras aptas para trabajar en incendios, 6 mantas ignifugas, 21 reductores, 22 lanzas para el fuego, dos equipos hidr\u00e1ulicos para el rescate de veh\u00edculos y dos tijeras multiprop\u00f3sito.<\/p>\n\n\n\n<p>Durante el encuentro tambi\u00e9n&nbsp;<strong>se anunci\u00f3 la creaci\u00f3n de dos nuevas divisiones de bomberos de la Polic\u00eda<\/strong>. Estar\u00e1n ubicadas en Villa Traful y Manzano Amargo, que se sumar\u00e1n a las ya existentes en Neuqu\u00e9n capital y Zapala.<\/p>\n\n\n\n<p>En un primer momento, ambas dependencias se nutrir\u00e1n del personal disponible en el resto de la divisi\u00f3n.<strong> Luego se incorporar\u00e1n agentes propios, para los cuales se lanz\u00f3 un curso de capacitaci\u00f3n.<\/strong> Los primeros graduados, adelant\u00f3 Nicolini en di\u00e1logo con los medios,&nbsp;<strong>se conocer\u00edan antes de fin de a\u00f1o.<\/strong><\/p>\n\n\n\n<p><strong>Fuente: www.rionegro.com.ar<\/strong><\/p>\n","protected":false},"excerpt":{"rendered":"<p>El gobierno de Neuqu\u00e9n anunci\u00f3 que licitar\u00e1 la incorporaci\u00f3n de&nbsp;al menos tres medios a\u00e9reos&nbsp;destinados al&nbsp;combate de incendios&nbsp;en la provincia. El objetivo es sumar recursos de cara a la pr\u00f3xima temporada de verano, en el contexto de&nbsp;la fuerte sequ\u00eda que atraviesa la regi\u00f3n, sobre todo, la zona andina. As\u00ed lo comunic\u00f3 este lunes el ministro de [&hellip;]<\/p>\n","protected":false},"author":5,"featured_media":7645,"comment_status":"open","ping_status":"open","sticky":false,"template":"","format":"standard","meta":[],"categories":[9],"tags":[],"_links":{"self":[{"href":"https:\/\/politicapatagonica.com\/index.php\/wp-json\/wp\/v2\/posts\/7644"}],"collection":[{"href":"https:\/\/politicapatagonica.com\/index.php\/wp-json\/wp\/v2\/posts"}],"about":[{"href":"https:\/\/politicapatagonica.com\/index.php\/wp-json\/wp\/v2\/types\/post"}],"author":[{"embeddable":true,"href":"https:\/\/politicapatagonica.com\/index.php\/wp-json\/wp\/v2\/users\/5"}],"replies":[{"embeddable":true,"href":"https:\/\/politicapatagonica.com\/index.php\/wp-json\/wp\/v2\/comments?post=7644"}],"version-history":[{"count":2,"href":"https:\/\/politicapatagonica.com\/index.php\/wp-json\/wp\/v2\/posts\/7644\/revisions"}],"predecessor-version":[{"id":7647,"href":"https:\/\/politicapatagonica.com\/index.php\/wp-json\/wp\/v2\/posts\/7644\/revisions\/7647"}],"wp:featuredmedia":[{"embeddable":true,"href":"https:\/\/politicapatagonica.com\/index.php\/wp-json\/wp\/v2\/media\/7645"}],"wp:attachment":[{"href":"https:\/\/politicapatagonica.com\/index.php\/wp-json\/wp\/v2\/media?parent=7644"}],"wp:term":[{"taxonomy":"category","embeddable":true,"href":"https:\/\/politicapatagonica.com\/index.php\/wp-json\/wp\/v2\/categories?post=7644"},{"taxonomy":"post_tag","embeddable":true,"href":"https:\/\/politicapatagonica.com\/index.php\/wp-json\/wp\/v2\/tags?post=7644"}],"curies":[{"name":"wp","href":"https:\/\/api.w.org\/{rel}","templated":true}]}}