{"id":7641,"date":"2025-09-19T19:59:21","date_gmt":"2025-09-19T19:59:21","guid":{"rendered":"https:\/\/politicapatagonica.com\/?p=7641"},"modified":"2025-09-19T19:59:23","modified_gmt":"2025-09-19T19:59:23","slug":"ushuaia-recibe-por-primera-vez-el-congreso-internacional-de-prevencion-de-suicidio","status":"publish","type":"post","link":"https:\/\/politicapatagonica.com\/index.php\/2025\/09\/19\/ushuaia-recibe-por-primera-vez-el-congreso-internacional-de-prevencion-de-suicidio\/","title":{"rendered":"Ushuaia recibe por primera vez el Congreso Internacional de Prevenci\u00f3n de Suicidio"},"content":{"rendered":"\n<p>Por primera vez, la ciudad de Ushuaia ser\u00e1 anfitriona del III Congreso Internacional de Prevenci\u00f3n de Suicidio este viernes 19 de septiembre.<\/p>\n\n\n\n<p>El evento, que se desarrollar\u00e1 en el Sal\u00f3n Milenium del Hotel Las Hayas, representa la continuaci\u00f3n de las jornadas realizadas previamente en R\u00edo Grande los d\u00edas 17 y 18 del mismo mes, en el marco del Mes de la Prevenci\u00f3n del Suicidio.<\/p>\n\n\n\n<p>La iniciativa es organizada por el Municipio de R\u00edo Grande en conjunto con la Asociaci\u00f3n de Psiquiatras de Am\u00e9rica Latina (APAL) y la Asociaci\u00f3n de Psiquiatras de Argentina (APSA), contando con el auspicio de la Cl\u00ednica San Jorge y la Defensor\u00eda de la Naci\u00f3n.<\/p>\n\n\n\n<p>La realizaci\u00f3n del congreso en la capital fueguina materializa el prop\u00f3sito de la gesti\u00f3n del intendente Mart\u00edn Perez de desarrollar espacios de reflexi\u00f3n y capacitaci\u00f3n con un enfoque integral y comunitario, extendiendo su trabajo a toda la provincia.<\/p>\n\n\n\n<p>El objetivo es acercar herramientas y estrategias orientadas a la construcci\u00f3n de redes comunitarias que brinden apoyo y cuidado ante situaciones psicosociales complejas.<\/p>\n\n\n\n<p>El encuentro est\u00e1 dirigido a un amplio espectro de la comunidad, incluyendo a profesionales de la salud y la salud mental, la comunidad educativa, asociaciones civiles, fuerzas de seguridad, medios de comunicaci\u00f3n, referentes deportivos y al p\u00fablico en general.<\/p>\n\n\n\n<p>El Dr. Santiago Levin, presidente de APAL, destac\u00f3 la singularidad del evento por la masiva participaci\u00f3n de vecinos y vecinas en las jornadas de R\u00edo Grande, calific\u00e1ndolo como &#8220;un evento nacional y mundial \u00fanico&#8221;.<\/p>\n\n\n\n<p>Levin expres\u00f3 su deseo de que la comunidad de Ushuaia participe activamente junto a los expositores en la comprensi\u00f3n, el acompa\u00f1amiento y la prevenci\u00f3n, contribuyendo as\u00ed a la generaci\u00f3n de teor\u00eda y pr\u00e1ctica para enfrentar este problema global. Adem\u00e1s, asegur\u00f3 que espera que esta sea la continuidad de un modelo exitoso que se ha replicado en a\u00f1os anteriores: \u201cDeseo que la comunidad entera de Ushuaia pueda participar junto a los expositores en la comprensi\u00f3n, el acompa\u00f1amiento, la prevenci\u00f3n y la generaci\u00f3n de teor\u00eda y pr\u00e1ctica en torno a este enorme problema que afecta a todo el planeta\u201d concluy\u00f3.<\/p>\n\n\n\n<p><strong>Fuente: www.eldiariodelfindelmundo.com<\/strong><a href=\"https:\/\/www.eldiariodelfindelmundo.com\/noticias\/2025\/09\/19\/112772-ushuaia-recibe-por-primera-vez-el-congreso-internacional-de-prevencion-de-suicidio#\"><\/a><\/p>\n","protected":false},"excerpt":{"rendered":"<p>Por primera vez, la ciudad de Ushuaia ser\u00e1 anfitriona del III Congreso Internacional de Prevenci\u00f3n de Suicidio este viernes 19 de septiembre. El evento, que se desarrollar\u00e1 en el Sal\u00f3n Milenium del Hotel Las Hayas, representa la continuaci\u00f3n de las jornadas realizadas previamente en R\u00edo Grande los d\u00edas 17 y 18 del mismo mes, en [&hellip;]<\/p>\n","protected":false},"author":5,"featured_media":7642,"comment_status":"open","ping_status":"open","sticky":false,"template":"","format":"standard","meta":[],"categories":[11],"tags":[],"_links":{"self":[{"href":"https:\/\/politicapatagonica.com\/index.php\/wp-json\/wp\/v2\/posts\/7641"}],"collection":[{"href":"https:\/\/politicapatagonica.com\/index.php\/wp-json\/wp\/v2\/posts"}],"about":[{"href":"https:\/\/politicapatagonica.com\/index.php\/wp-json\/wp\/v2\/types\/post"}],"author":[{"embeddable":true,"href":"https:\/\/politicapatagonica.com\/index.php\/wp-json\/wp\/v2\/users\/5"}],"replies":[{"embeddable":true,"href":"https:\/\/politicapatagonica.com\/index.php\/wp-json\/wp\/v2\/comments?post=7641"}],"version-history":[{"count":1,"href":"https:\/\/politicapatagonica.com\/index.php\/wp-json\/wp\/v2\/posts\/7641\/revisions"}],"predecessor-version":[{"id":7643,"href":"https:\/\/politicapatagonica.com\/index.php\/wp-json\/wp\/v2\/posts\/7641\/revisions\/7643"}],"wp:featuredmedia":[{"embeddable":true,"href":"https:\/\/politicapatagonica.com\/index.php\/wp-json\/wp\/v2\/media\/7642"}],"wp:attachment":[{"href":"https:\/\/politicapatagonica.com\/index.php\/wp-json\/wp\/v2\/media?parent=7641"}],"wp:term":[{"taxonomy":"category","embeddable":true,"href":"https:\/\/politicapatagonica.com\/index.php\/wp-json\/wp\/v2\/categories?post=7641"},{"taxonomy":"post_tag","embeddable":true,"href":"https:\/\/politicapatagonica.com\/index.php\/wp-json\/wp\/v2\/tags?post=7641"}],"curies":[{"name":"wp","href":"https:\/\/api.w.org\/{rel}","templated":true}]}}