{"id":7638,"date":"2025-09-19T19:50:52","date_gmt":"2025-09-19T19:50:52","guid":{"rendered":"https:\/\/politicapatagonica.com\/?p=7638"},"modified":"2025-09-23T01:01:49","modified_gmt":"2025-09-23T01:01:49","slug":"ziliotto-firmo-un-convenio-con-crea","status":"publish","type":"post","link":"https:\/\/politicapatagonica.com\/index.php\/2025\/09\/19\/ziliotto-firmo-un-convenio-con-crea\/","title":{"rendered":"Ziliotto firm\u00f3 un convenio con la entidad agropecuaria CREA para fomentar la producci\u00f3n pampeana"},"content":{"rendered":"\n<p>En el marco del Congreso CREA que se realiza en Tecn\u00f3polis, <strong>el gobernador Sergio Ziliotto firm\u00f3 un convenio de cooperaci\u00f3n con la entidad agropecuaria para impulsar la innovaci\u00f3n, la sustentabilidad y el agregado de valor en la producci\u00f3n pampeana.<\/strong><\/p>\n\n\n\n<p><strong>El gobernador Sergio Ziliotto rubric\u00f3 un Convenio Marco de Colaboraci\u00f3n y Cooperaci\u00f3n T\u00e9cnica con la Asociaci\u00f3n Argentina de Consorcios Regionales de Experimentaci\u00f3n Agr\u00edcola (CREA), con el objetivo de impulsar la innovaci\u00f3n, la sustentabilidad y el agregado de valor en la producci\u00f3n pampeana.<\/strong><\/p>\n\n\n\n<p><strong>Ziliotto consider\u00f3 que el convenio \u201cle da un marco institucional al trabajo que ya venimos haciendo y potencia a\u00fan m\u00e1s el trabajo articulado con los grupos CREA que son los que est\u00e1n en el territorio buscando la forma de producir m\u00e1s y mejor\u201d.<\/strong><\/p>\n\n\n\n<p>Convenio.<\/p>\n\n\n\n<p>El convenio fue firmado durante<strong> el Congreso CREA, que se realiza en Tecn\u00f3polis bajo el lema \u201cViv\u00ed la energ\u00eda transformadora\u201d, que reuni\u00f3 a m\u00e1s de 7.000 personas entre socios, empresas, instituciones y representantes de distintos sectores.<\/strong> El evento se organiz\u00f3 en torno a tres grandes ejes: la evoluci\u00f3n demogr\u00e1fica, el aporte de la tecnolog\u00eda y la construcci\u00f3n de un futuro ambientalmente sostenible, detall\u00f3 APN.<\/p>\n\n\n\n<p>El acuerdo, firmado junto al presidente de CREA, Fernando de Nevares, y su secretario, Sebasti\u00e1n Sabattini, abre un espacio de trabajo conjunto para el desarrollo de actividades de investigaci\u00f3n, capacitaci\u00f3n, transferencia tecnol\u00f3gica y generaci\u00f3n de conocimiento orientado a mejorar los distintos sistemas de producci\u00f3n agropecuaria y sus cadenas de valor.<\/p>\n\n\n\n<p>Sinergia p\u00fablico-privada.<\/p>\n\n\n\n<p><strong>El convenio establece que los proyectos espec\u00edficos se instrumentar\u00e1n a trav\u00e9s de acuerdos particulares, en los que se definir\u00e1n objetivos, responsables, cronogramas y fuentes de financiamiento.<\/strong> Estos permitir\u00e1n coordinar tareas de producci\u00f3n, innovaci\u00f3n y formaci\u00f3n de recursos humanos, con un seguimiento t\u00e9cnico permanente y la obligaci\u00f3n de presentar informes de avance.<\/p>\n\n\n\n<p>Desde el Gobierno Provincial se destac\u00f3 que esta alianza se enmarca en la decisi\u00f3n pol\u00edtica de consolidar un modelo de desarrollo sustentable que potencie la competitividad, la apertura de mercados y la generaci\u00f3n de empleo de calidad. A la vez, <strong>el trabajo con CREA refuerza la estrategia de sinergia entre el Estado y el sector privado para fortalecer el entramado agroindustrial.<\/strong><\/p>\n\n\n\n<p>Compromisos y alcances<\/p>\n\n\n\n<p><strong>El convenio tendr\u00e1 una vigencia de cinco a\u00f1os, prorrogable por per\u00edodos similares, y contempla la designaci\u00f3n de un representante por cada parte para orientar las tareas y evaluar los proyectos que se acuerden.<\/strong> Adem\u00e1s, establece la confidencialidad de la informaci\u00f3n t\u00e9cnica y cient\u00edfica que surja de las investigaciones conjuntas, resguardando el uso responsable de los datos y resultados.<\/p>\n\n\n\n<p>Se prev\u00e9 que el financiamiento de las actividades se defina en cada convenio espec\u00edfico, de acuerdo a las disponibilidades presupuestarias, y que ambas instituciones trabajen en un marco de buena fe, cooperaci\u00f3n y respeto mutuo.<\/p>\n\n\n\n<p>Con esta iniciativa,<strong> el Gobierno de La Pampa ratifica su compromiso con un modelo productivo que no solo garantice eficiencia y competitividad, sino tambi\u00e9n la sostenibilidad ambiental y social<\/strong>. La articulaci\u00f3n con CREA permitir\u00e1 trasladar nuevas tecnolog\u00edas y pr\u00e1cticas innovadoras al sector agropecuario, fortaleciendo as\u00ed el desarrollo integral de las empresas pampeanas y su integraci\u00f3n con la comunidad.<\/p>\n\n\n\n<p><strong>Fuente: www.laarena.com.ar<\/strong><\/p>\n","protected":false},"excerpt":{"rendered":"<p>En el marco del Congreso CREA que se realiza en Tecn\u00f3polis, el gobernador Sergio Ziliotto firm\u00f3 un convenio de cooperaci\u00f3n con la entidad agropecuaria para impulsar la innovaci\u00f3n, la sustentabilidad y el agregado de valor en la producci\u00f3n pampeana. El gobernador Sergio Ziliotto rubric\u00f3 un Convenio Marco de Colaboraci\u00f3n y Cooperaci\u00f3n T\u00e9cnica con la Asociaci\u00f3n [&hellip;]<\/p>\n","protected":false},"author":5,"featured_media":7639,"comment_status":"open","ping_status":"open","sticky":false,"template":"","format":"standard","meta":[],"categories":[10],"tags":[],"_links":{"self":[{"href":"https:\/\/politicapatagonica.com\/index.php\/wp-json\/wp\/v2\/posts\/7638"}],"collection":[{"href":"https:\/\/politicapatagonica.com\/index.php\/wp-json\/wp\/v2\/posts"}],"about":[{"href":"https:\/\/politicapatagonica.com\/index.php\/wp-json\/wp\/v2\/types\/post"}],"author":[{"embeddable":true,"href":"https:\/\/politicapatagonica.com\/index.php\/wp-json\/wp\/v2\/users\/5"}],"replies":[{"embeddable":true,"href":"https:\/\/politicapatagonica.com\/index.php\/wp-json\/wp\/v2\/comments?post=7638"}],"version-history":[{"count":2,"href":"https:\/\/politicapatagonica.com\/index.php\/wp-json\/wp\/v2\/posts\/7638\/revisions"}],"predecessor-version":[{"id":7650,"href":"https:\/\/politicapatagonica.com\/index.php\/wp-json\/wp\/v2\/posts\/7638\/revisions\/7650"}],"wp:featuredmedia":[{"embeddable":true,"href":"https:\/\/politicapatagonica.com\/index.php\/wp-json\/wp\/v2\/media\/7639"}],"wp:attachment":[{"href":"https:\/\/politicapatagonica.com\/index.php\/wp-json\/wp\/v2\/media?parent=7638"}],"wp:term":[{"taxonomy":"category","embeddable":true,"href":"https:\/\/politicapatagonica.com\/index.php\/wp-json\/wp\/v2\/categories?post=7638"},{"taxonomy":"post_tag","embeddable":true,"href":"https:\/\/politicapatagonica.com\/index.php\/wp-json\/wp\/v2\/tags?post=7638"}],"curies":[{"name":"wp","href":"https:\/\/api.w.org\/{rel}","templated":true}]}}