{"id":7635,"date":"2025-09-19T19:41:59","date_gmt":"2025-09-19T19:41:59","guid":{"rendered":"https:\/\/politicapatagonica.com\/?p=7635"},"modified":"2025-09-19T19:42:00","modified_gmt":"2025-09-19T19:42:00","slug":"weretilneck-participara-en-un-foro-con-una-agenda-vinculada-al-conflicto-mapuche","status":"publish","type":"post","link":"https:\/\/politicapatagonica.com\/index.php\/2025\/09\/19\/weretilneck-participara-en-un-foro-con-una-agenda-vinculada-al-conflicto-mapuche\/","title":{"rendered":"Weretilneck participar\u00e1 en un foro con una agenda vinculada al conflicto mapuche"},"content":{"rendered":"\n<p>El gobernador<strong>\u00a0Alberto Weretilneck confirm\u00f3 asistencia en el\u00a0<\/strong>foro Consenso Patagonia\u00a0que se realizar\u00e1 el\u00a0<strong>26 de septiembre en Bariloche\u00a0<\/strong>con una agenda vinculada al debate por las problem\u00e1ticas de comunidades mapuches.<\/p>\n\n\n\n<p>El espacio de debate es\u00a0impulsado desde la pandemia\u00a0y surgi\u00f3 en Bariloche con referentes empresariales, ruralistas, entre otros, con una mirada cr\u00edtica a la problem\u00e1tica por la cuesti\u00f3n territorial mapuche. Surgieron \u201c<strong>preocupados por la ausencia de respuestas del Estado frente al conflicto territorial\u00a0<\/strong>que cuestiona el derecho de propiedad en la regi\u00f3n\u201d, indican desde la agrupaci\u00f3n que ampli\u00f3 su campo de acci\u00f3n a la Patagonia.<\/p>\n\n\n\n<p>Este mes volver\u00e1 a Bariloche con el cuarto foro debate sobre \u201c<strong>Estado, empresas, sociedad: hacia pol\u00edticas de inclusi\u00f3n\u201d&nbsp;<\/strong>y entre los asistentes se confirm\u00f3 al gobernador y tambi\u00e9n al presidente del Instituto Nacional de Asuntos Ind\u00edgenas,<strong>&nbsp;Claudio Avruj, funcionario del gobierno de Javier Milei&nbsp;<\/strong>que tambi\u00e9n estuvo en la gesti\u00f3n de Mauricio Macri.<\/p>\n\n\n\n<p><strong>Fuentes del gobierno provincial confirmaron\u00a0la asistencia de Weretilneck,<\/strong> que por esos d\u00edas transitar\u00e1 el \u00faltimo mes de la campa\u00f1a nacional y compartir\u00e1 espacio con un p\u00fablico que supo conquistar anteriormente el PRO, incluso de ese n\u00facleo surgi\u00f3 la actual legisladora Martina Lacour.<\/p>\n\n\n\n<p>La propuesta se presenta con el eje en \u201c<strong>problem\u00e1ticas de la regi\u00f3n cordillerana patag\u00f3nica<\/strong>, tales como el ordenamiento territorial, los incendios forestales, la convivencia social y el desarrollo productivo\u201d.<\/p>\n\n\n\n<p>El gobernador&nbsp;<strong>no fue incluido como expositor<\/strong>&nbsp;en alg\u00fan panel, pero s\u00ed el funcionario nacional que disertar\u00e1 bajo el lema \u201cHacia una pol\u00edtica ind\u00edgena que ordene el territorio\u201d. Adem\u00e1s participar\u00e1 el fil\u00f3sofo&nbsp;<strong>Santiago Kovadloff en el cierre.<\/strong><\/p>\n\n\n\n<h2>La agenda del foro<\/h2>\n\n\n\n<hr class=\"wp-block-separator has-alpha-channel-opacity\"\/>\n\n\n\n<p><strong>En la agenda se encuentran los paneles: \u201cReconocimiento de comunidades e implementaci\u00f3n de consulta previa libre e informada\u201d, a cargo de Sonia Ochoa y Alejandro Collia, del Instituto Nacional de Asuntos Ind\u00edgenas; \u201cPromoviendo la reconciliaci\u00f3n con los pueblos ind\u00edgenas en un mundo cambiante\u201d, con Jonathan Sauv\u00e9 (consejero de Asuntos Pol\u00edticos, Econ\u00f3micos y P\u00fablicos de la Embajada de Canad\u00e1); \u201cProcesos de di\u00e1logos permanentes, a cargo de Jorge Retamal (exdirector de la Conadi \u2013 Chile) y Guillermo Turner Olea (gerente de Asuntos Corporativos y Sustentabilidad de Papelera CMPC \u2013 Chile); y \u201cNuevas tendencias Jurisprudenciales sobre la cuesti\u00f3n ind\u00edgena, a cargo de Mariano Sarmiento y Jos\u00e9 Luis Bianco (Consensos Patag\u00f3nicos).<\/strong><\/p>\n\n\n\n<p>Otros temas ajenos a la cuesti\u00f3n mapuche ser\u00e1n: \u201cLa urgencia de prevenir los incendios forestales y su detecci\u00f3n temprana\u201d, a cargo de Juan Trebino (Consensos Patag\u00f3nicos), IH TECH LABS, laboratorio tecnol\u00f3gico de la empresa Securion y Max Kn\u00fcll (Presidente de la Fundaci\u00f3n Tierras Patag\u00f3nicas); \u201c\u00bfC\u00f3mo pueden las comunidades de la Patagonia ser socias accionistas en el negocio de la energ\u00eda renovable?\u201d, a cargo de Stella Zapata (Comunidad mapuche Millaqueo y Presidenta Cla Nehuen Antu S.A) y Juan Dumas y Ramiro Fern\u00e1ndez (socios de Meliquina Desarrollos S.A.S.).<\/p>\n\n\n\n<p><strong>Fuente: www.rionegro.com.ar<\/strong><\/p>\n","protected":false},"excerpt":{"rendered":"<p>El gobernador\u00a0Alberto Weretilneck confirm\u00f3 asistencia en el\u00a0foro Consenso Patagonia\u00a0que se realizar\u00e1 el\u00a026 de septiembre en Bariloche\u00a0con una agenda vinculada al debate por las problem\u00e1ticas de comunidades mapuches. El espacio de debate es\u00a0impulsado desde la pandemia\u00a0y surgi\u00f3 en Bariloche con referentes empresariales, ruralistas, entre otros, con una mirada cr\u00edtica a la problem\u00e1tica por la cuesti\u00f3n territorial [&hellip;]<\/p>\n","protected":false},"author":5,"featured_media":7636,"comment_status":"open","ping_status":"open","sticky":false,"template":"","format":"standard","meta":[],"categories":[13],"tags":[],"_links":{"self":[{"href":"https:\/\/politicapatagonica.com\/index.php\/wp-json\/wp\/v2\/posts\/7635"}],"collection":[{"href":"https:\/\/politicapatagonica.com\/index.php\/wp-json\/wp\/v2\/posts"}],"about":[{"href":"https:\/\/politicapatagonica.com\/index.php\/wp-json\/wp\/v2\/types\/post"}],"author":[{"embeddable":true,"href":"https:\/\/politicapatagonica.com\/index.php\/wp-json\/wp\/v2\/users\/5"}],"replies":[{"embeddable":true,"href":"https:\/\/politicapatagonica.com\/index.php\/wp-json\/wp\/v2\/comments?post=7635"}],"version-history":[{"count":1,"href":"https:\/\/politicapatagonica.com\/index.php\/wp-json\/wp\/v2\/posts\/7635\/revisions"}],"predecessor-version":[{"id":7637,"href":"https:\/\/politicapatagonica.com\/index.php\/wp-json\/wp\/v2\/posts\/7635\/revisions\/7637"}],"wp:featuredmedia":[{"embeddable":true,"href":"https:\/\/politicapatagonica.com\/index.php\/wp-json\/wp\/v2\/media\/7636"}],"wp:attachment":[{"href":"https:\/\/politicapatagonica.com\/index.php\/wp-json\/wp\/v2\/media?parent=7635"}],"wp:term":[{"taxonomy":"category","embeddable":true,"href":"https:\/\/politicapatagonica.com\/index.php\/wp-json\/wp\/v2\/categories?post=7635"},{"taxonomy":"post_tag","embeddable":true,"href":"https:\/\/politicapatagonica.com\/index.php\/wp-json\/wp\/v2\/tags?post=7635"}],"curies":[{"name":"wp","href":"https:\/\/api.w.org\/{rel}","templated":true}]}}