{"id":7624,"date":"2025-09-18T16:06:38","date_gmt":"2025-09-18T16:06:38","guid":{"rendered":"https:\/\/politicapatagonica.com\/?p=7624"},"modified":"2025-09-18T20:38:27","modified_gmt":"2025-09-18T20:38:27","slug":"la-deuda-de-neuquen-toco-su-stock-mas-bajo-en-una-decada-de-una-provincia-quebrada-a-una-con-superavit","status":"publish","type":"post","link":"https:\/\/politicapatagonica.com\/index.php\/2025\/09\/18\/la-deuda-de-neuquen-toco-su-stock-mas-bajo-en-una-decada-de-una-provincia-quebrada-a-una-con-superavit\/","title":{"rendered":"La deuda de Neuqu\u00e9n toc\u00f3 su stock m\u00e1s bajo en una d\u00e9cada: &#8220;De una provincia quebrada a una con super\u00e1vit&#8221;"},"content":{"rendered":"\n<p>La provincia de&nbsp;<strong>Neuqu\u00e9n<\/strong>&nbsp;alcanz\u00f3 en agosto un&nbsp;<strong>stock de deuda p\u00fablica de 877 millones de d\u00f3lares<\/strong>, el n\u00famero&nbsp;<strong>m\u00e1s bajo desde el 2014<\/strong>.&nbsp;El gobernador Rolando Figueroa dijo que, en lo que va de la gesti\u00f3n, se redujo en un 31% &#8220;la herencia recibida&#8221; y plante\u00f3 que esa redistribuci\u00f3n del dinero se volc\u00f3 a infraestructura. &#8220;Hoy somos una provincia en proceso de desendeudamiento y con obras en marcha&#8221;, destac\u00f3.<\/p>\n\n\n\n<p>Seg\u00fan inform\u00f3 este jueves el gobierno, en un a\u00f1o y nueve meses, la Provincia logr\u00f3 bajar el stock de deuda un 31%, al reducirla en 390 millones de d\u00f3lares. As\u00ed surge de la comparativa de datos registrados en agosto de 2025, donde el stock de deuda p\u00fablica asciende a&nbsp;<strong>877 millones de d\u00f3lares, frente a 1.267 millones de d\u00f3lares que ten\u00eda en noviembre de 2023.<\/strong><\/p>\n\n\n\n<p>En total,<strong> el gobierno pag\u00f3 en lo que va de mandato 508 millones de d\u00f3lares por deuda (incluyendo intereses, amortizaci\u00f3n de capital y otros gastos asociados) &#8220;y volc\u00f3 m\u00e1s del 10% de los ingresos a obras p\u00fablicas e infraestructura, en su mayor\u00eda con recursos propios&#8221;<\/strong>, se inform\u00f3.<\/p>\n\n\n\n<p>Figueroa sostuvo que se pas\u00f3&nbsp;<strong>&#8220;de una provincia quebrada<\/strong>, con un atraso en infraestructura de m\u00e1s de 4.000 millones de d\u00f3lares,&nbsp;<strong>a una provincia con super\u00e1vit, en proceso de desendeudamiento<\/strong>&nbsp;y con obras en marcha&#8221;.<\/p>\n\n\n\n<h2>La deuda de Neuqu\u00e9n en una d\u00e9cada: c\u00f3mo fue la reducci\u00f3n<\/h2>\n\n\n\n<hr class=\"wp-block-separator has-alpha-channel-opacity\"\/>\n\n\n\n<figure class=\"wp-block-image\"><img decoding=\"async\" src=\"https:\/\/www.rionegro.com.ar\/wp-content\/uploads\/2025\/09\/stock-deuda-2015-agosto-25.jpg?w=888\" alt=\"\" class=\"wp-image-4303607\"\/><figcaption class=\"wp-element-caption\">Fuente: ministerio de Econom\u00eda de Neuqu\u00e9n.<\/figcaption><\/figure>\n\n\n\n<p>El dato del stock de deuda difundido hoy por el gobierno es m\u00e1s bajo de la \u00faltima d\u00e9cada. Neuqu\u00e9n pas\u00f3 de un stock&nbsp;<strong>880 millones de d\u00f3lares en 2014 a unos 1.280 millones en 2021,<\/strong>&nbsp;el a\u00f1o r\u00e9cord.<\/p>\n\n\n\n<p>La gesti\u00f3n que<strong>&nbsp;mayor incremento gener\u00f3 fue la de Omar Guti\u00e9rrez&nbsp;con la emisi\u00f3n de&nbsp;bonos internacionales&nbsp;y<\/strong> <strong>la ampliaci\u00f3n de un pr\u00e9stamo con el Credit Suisse que hab\u00eda tomado originalmente la de Jorge Sapag.<\/strong> En 2021 tuvo que hacer una reestructuraci\u00f3n con los bonistas para evitar el default, en un contexto de acumulaci\u00f3n de capital e intereses de deuda que coincidi\u00f3 con la ca\u00edda de recursos que gener\u00f3 la pandemia.<\/p>\n\n\n\n<p>En lo que va de la gesti\u00f3n de<strong> Figueroa, no hubo emisi\u00f3n de nuevos bonos,<\/strong> sino que&nbsp;solo acudi\u00f3 a cr\u00e9ditos con organismos multilaterales&nbsp;como el BID y la CAF (Banco de Desarrollo de Am\u00e9rica Latina y el Caribe).<\/p>\n\n\n\n<p><strong>Fuente: www.rionegro.com.ar<\/strong><\/p>\n","protected":false},"excerpt":{"rendered":"<p>La provincia de&nbsp;Neuqu\u00e9n&nbsp;alcanz\u00f3 en agosto un&nbsp;stock de deuda p\u00fablica de 877 millones de d\u00f3lares, el n\u00famero&nbsp;m\u00e1s bajo desde el 2014.&nbsp;El gobernador Rolando Figueroa dijo que, en lo que va de la gesti\u00f3n, se redujo en un 31% &#8220;la herencia recibida&#8221; y plante\u00f3 que esa redistribuci\u00f3n del dinero se volc\u00f3 a infraestructura. &#8220;Hoy somos una provincia [&hellip;]<\/p>\n","protected":false},"author":5,"featured_media":7625,"comment_status":"open","ping_status":"open","sticky":false,"template":"","format":"standard","meta":[],"categories":[9],"tags":[],"_links":{"self":[{"href":"https:\/\/politicapatagonica.com\/index.php\/wp-json\/wp\/v2\/posts\/7624"}],"collection":[{"href":"https:\/\/politicapatagonica.com\/index.php\/wp-json\/wp\/v2\/posts"}],"about":[{"href":"https:\/\/politicapatagonica.com\/index.php\/wp-json\/wp\/v2\/types\/post"}],"author":[{"embeddable":true,"href":"https:\/\/politicapatagonica.com\/index.php\/wp-json\/wp\/v2\/users\/5"}],"replies":[{"embeddable":true,"href":"https:\/\/politicapatagonica.com\/index.php\/wp-json\/wp\/v2\/comments?post=7624"}],"version-history":[{"count":2,"href":"https:\/\/politicapatagonica.com\/index.php\/wp-json\/wp\/v2\/posts\/7624\/revisions"}],"predecessor-version":[{"id":7629,"href":"https:\/\/politicapatagonica.com\/index.php\/wp-json\/wp\/v2\/posts\/7624\/revisions\/7629"}],"wp:featuredmedia":[{"embeddable":true,"href":"https:\/\/politicapatagonica.com\/index.php\/wp-json\/wp\/v2\/media\/7625"}],"wp:attachment":[{"href":"https:\/\/politicapatagonica.com\/index.php\/wp-json\/wp\/v2\/media?parent=7624"}],"wp:term":[{"taxonomy":"category","embeddable":true,"href":"https:\/\/politicapatagonica.com\/index.php\/wp-json\/wp\/v2\/categories?post=7624"},{"taxonomy":"post_tag","embeddable":true,"href":"https:\/\/politicapatagonica.com\/index.php\/wp-json\/wp\/v2\/tags?post=7624"}],"curies":[{"name":"wp","href":"https:\/\/api.w.org\/{rel}","templated":true}]}}