{"id":7621,"date":"2025-09-18T15:59:25","date_gmt":"2025-09-18T15:59:25","guid":{"rendered":"https:\/\/politicapatagonica.com\/?p=7621"},"modified":"2025-09-18T20:35:37","modified_gmt":"2025-09-18T20:35:37","slug":"el-gobernador-claudio-vidal-encabezo-una-mesa-de-trabajo-con-empresas-mineras-y-la-uocra","status":"publish","type":"post","link":"https:\/\/politicapatagonica.com\/index.php\/2025\/09\/18\/el-gobernador-claudio-vidal-encabezo-una-mesa-de-trabajo-con-empresas-mineras-y-la-uocra\/","title":{"rendered":"El gobernador Claudio Vidal encabez\u00f3 una mesa de trabajo con empresas mineras y la UOCRA"},"content":{"rendered":"\n<p>Este mi\u00e9rcoles el gobernador de la Provincia de Santa Cruz,&nbsp;<strong>Claudio Vidal<\/strong>&nbsp;encabez\u00f3&nbsp;<strong>una nueva mesa de trabajo<\/strong>&nbsp;junto al ministro de Trabajo, Empleo y Seguridad Social,&nbsp;<strong>Ezequiel Verbes<\/strong>&nbsp;y el ministro de Energ\u00eda y Miner\u00eda,<strong>&nbsp;Jaime \u00c1lvarez<\/strong>, en la que participaron las principales<strong>&nbsp;empresas mineras<\/strong>&nbsp;que desarrollan actividades en la provincia, junto a representantes de la&nbsp;<strong>UOCRA Zona Norte<\/strong>.<\/p>\n\n\n\n<p>Del encuentro participaron&nbsp;<strong>Mar\u00eda<\/strong>&nbsp;<strong>Eugenia Sampalione&nbsp;<\/strong>y<strong>&nbsp;Shirli Perozzi<\/strong>&nbsp;(Newmont),&nbsp;<strong>Agust\u00edn del Castillo<\/strong>&nbsp;(Cerro Vanguardia S.A.),&nbsp;<strong>Luis S\u00e1nchez<\/strong>&nbsp;(Pan American Silver),&nbsp;<strong>N\u00e9stor Rigamonti<\/strong>&nbsp;(Minera Santa Cruz),&nbsp;<strong>Ver\u00f3nica Nohara<\/strong>&nbsp;(Camicruz y CEO de Minera Don Nicol\u00e1s),&nbsp;<strong>Roberto Cacciola<\/strong>&nbsp;(CAEM),&nbsp;<strong>Sergio Acosta&nbsp;<\/strong>y<strong>&nbsp;Ricardo Treuquil<\/strong>&nbsp;(UOCRA Zona Norte).<\/p>\n\n\n\n<p>Durante la reuni\u00f3n, el mandatario provincial inform\u00f3 que el<strong>&nbsp;proyecto de modificaci\u00f3n de la Ley N\u00b0 3.141<\/strong>, referida al&nbsp;<strong>r\u00e9gimen 70\/30 de empleo<\/strong>&nbsp;para trabajadores santacruce\u00f1os, ya ingres\u00f3 a la<strong>&nbsp;C\u00e1mara de Diputados<\/strong>&nbsp;y ser\u00e1 tratado la pr\u00f3xima semana en comisiones. Asimismo, se abordaron otros aspectos de relevancia como el r\u00e9gimen de trabajo&nbsp;<strong>7\u00d77<\/strong>, los programas de<strong>&nbsp;capacitaci\u00f3n laboral<\/strong>&nbsp;y las<strong>&nbsp;condiciones de seguridad e higiene<\/strong>&nbsp;en los yacimientos.<\/p>\n\n\n\n<p><strong>Se habl\u00f3 de los programas de capacitaci\u00f3n laboral y las condiciones de seguridad e higiene en los yacimientos.<\/strong><\/p>\n\n\n\n<p>En este marco, se expusieron&nbsp;<strong>irregularidades detectadas en la contrataci\u00f3n de personal<\/strong>, entre las que se registraron casos de hasta<strong>&nbsp;treinta trabajadores declarando un mismo domicilio<\/strong>. Frente a esta situaci\u00f3n, el gobernador subray\u00f3 la importancia de que los puestos laborales sean ocupados por personas con residencia efectiva en la provincia de Santa Cruz.<\/p>\n\n\n\n<p>Finalmente, se resolvi\u00f3 la instalaci\u00f3n, a partir de la pr\u00f3xima semana, de<strong>&nbsp;mesas de trabajo en cada yacimiento minero<\/strong>, con la participaci\u00f3n del&nbsp;<strong>Estado provincia<\/strong>l, las<strong>&nbsp;empresas<\/strong>&nbsp;y los&nbsp;<strong>sindicatos<\/strong>, con el prop\u00f3sito de garantizar&nbsp;<strong>empleo genuino<\/strong>,&nbsp;<strong>formaci\u00f3n profesional<\/strong>&nbsp;y&nbsp;<strong>condiciones laborales seguras<\/strong>&nbsp;para los trabajadores y trabajadoras santacruce\u00f1as.<\/p>\n\n\n\n<p><strong>Fuente: laopinionaustral.com.ar<\/strong><\/p>\n","protected":false},"excerpt":{"rendered":"<p>Este mi\u00e9rcoles el gobernador de la Provincia de Santa Cruz,&nbsp;Claudio Vidal&nbsp;encabez\u00f3&nbsp;una nueva mesa de trabajo&nbsp;junto al ministro de Trabajo, Empleo y Seguridad Social,&nbsp;Ezequiel Verbes&nbsp;y el ministro de Energ\u00eda y Miner\u00eda,&nbsp;Jaime \u00c1lvarez, en la que participaron las principales&nbsp;empresas mineras&nbsp;que desarrollan actividades en la provincia, junto a representantes de la&nbsp;UOCRA Zona Norte. Del encuentro participaron&nbsp;Mar\u00eda&nbsp;Eugenia Sampalione&nbsp;y&nbsp;Shirli Perozzi&nbsp;(Newmont),&nbsp;Agust\u00edn [&hellip;]<\/p>\n","protected":false},"author":5,"featured_media":7622,"comment_status":"open","ping_status":"open","sticky":false,"template":"","format":"standard","meta":[],"categories":[8],"tags":[],"_links":{"self":[{"href":"https:\/\/politicapatagonica.com\/index.php\/wp-json\/wp\/v2\/posts\/7621"}],"collection":[{"href":"https:\/\/politicapatagonica.com\/index.php\/wp-json\/wp\/v2\/posts"}],"about":[{"href":"https:\/\/politicapatagonica.com\/index.php\/wp-json\/wp\/v2\/types\/post"}],"author":[{"embeddable":true,"href":"https:\/\/politicapatagonica.com\/index.php\/wp-json\/wp\/v2\/users\/5"}],"replies":[{"embeddable":true,"href":"https:\/\/politicapatagonica.com\/index.php\/wp-json\/wp\/v2\/comments?post=7621"}],"version-history":[{"count":2,"href":"https:\/\/politicapatagonica.com\/index.php\/wp-json\/wp\/v2\/posts\/7621\/revisions"}],"predecessor-version":[{"id":7628,"href":"https:\/\/politicapatagonica.com\/index.php\/wp-json\/wp\/v2\/posts\/7621\/revisions\/7628"}],"wp:featuredmedia":[{"embeddable":true,"href":"https:\/\/politicapatagonica.com\/index.php\/wp-json\/wp\/v2\/media\/7622"}],"wp:attachment":[{"href":"https:\/\/politicapatagonica.com\/index.php\/wp-json\/wp\/v2\/media?parent=7621"}],"wp:term":[{"taxonomy":"category","embeddable":true,"href":"https:\/\/politicapatagonica.com\/index.php\/wp-json\/wp\/v2\/categories?post=7621"},{"taxonomy":"post_tag","embeddable":true,"href":"https:\/\/politicapatagonica.com\/index.php\/wp-json\/wp\/v2\/tags?post=7621"}],"curies":[{"name":"wp","href":"https:\/\/api.w.org\/{rel}","templated":true}]}}