{"id":7618,"date":"2025-09-17T23:23:23","date_gmt":"2025-09-17T23:23:23","guid":{"rendered":"https:\/\/politicapatagonica.com\/?p=7618"},"modified":"2025-09-18T20:32:50","modified_gmt":"2025-09-18T20:32:50","slug":"tierra-del-fuego-perdio-mas-de-10-mil-puestos-de-trabajo-en-un-ano-y-medio","status":"publish","type":"post","link":"https:\/\/politicapatagonica.com\/index.php\/2025\/09\/17\/tierra-del-fuego-perdio-mas-de-10-mil-puestos-de-trabajo-en-un-ano-y-medio\/","title":{"rendered":"Tierra del Fuego perdi\u00f3 m\u00e1s de 10 mil puestos de trabajo en un a\u00f1o y medio"},"content":{"rendered":"\n<p><em><strong>\u201cHay una realidad que el Gobierno nacional no ve y si la ve no est\u00e1 tomando ning\u00fan tipo de acci\u00f3n al respecto\u201d, dijo la ministra de Trabajo provincial, Sonia Castiglione.<\/strong><\/em><\/p>\n\n\n\n<p><strong>Tierra del Fuego atraviesa una fuerte retracci\u00f3n del empleo registrado. Seg\u00fan un informe difundido por el Centro de Econom\u00eda Pol\u00edtica Argentina (CEPA), la provincia perdi\u00f3 10.190 puestos de trabajo en el sector privado entre noviembre de 2023 y junio de 2025. En ese per\u00edodo la cifra de empleos formales cay\u00f3 de 79.760 a 69.570.<\/strong><\/p>\n\n\n\n<p>La ministra de Trabajo fueguina, Sonia Castiglione, atribuy\u00f3 la situaci\u00f3n al impacto de pol\u00edticas nacionales sobre la industria y el comercio, as\u00ed como a la paralizaci\u00f3n de la obra p\u00fablica. <strong>\u201cHay una realidad que el Gobierno nacional no ve y, si la ve, no est\u00e1 tomando ning\u00fan tipo de acci\u00f3n al respecto\u201d, <\/strong>afirm\u00f3 la funcionaria.<\/p>\n\n\n\n<p>Castiglione precis\u00f3 que \u201cla mayor virulencia se dio entre los meses de mayo y octubre\u201d, cuando comenzaron a sentirse \u201cfuertemente las medidas del<strong> Gobierno nacional vinculadas con la paralizaci\u00f3n de obra p\u00fablica, paritarias que no se homologaban porque superaban lo establecido por Naci\u00f3n y una serie de variables que incidieron en una ca\u00edda de empleo muy violenta en poco tiempo\u201d.<\/strong> Se\u00f1al\u00f3 adem\u00e1s que el Ministerio de Trabajo provincial registra \u201cun promedio semanal de cinco a ocho acuerdos de desvinculaci\u00f3n\u201d, lo que refleja que la tendencia contin\u00faa.<\/p>\n\n\n\n<p>Frente a este escenari<strong>o, la provincia busca estimular la inversi\u00f3n privada \u201ccon herramientas del Banco Tierra del Fuego, el FOGADEF y la Secretar\u00eda de Desarrollo Productivo y Pymes\u201d,<\/strong> aunque Castiglione advirti\u00f3 que \u201cel mercado no est\u00e1 demandando trabajo\u201d. \u201cParece que hay una realidad que el Gobierno nacional no ve y si la ve no est\u00e1 haciendo nada. Entiendo el discurso de equilibrio fiscal, pero mientras tanto qu\u00e9 hacemos, y una Pyme c\u00f3mo sigue\u201d, cuestion\u00f3.<\/p>\n\n\n\n<p>La ministra sostuvo que \u201ctodas las econom\u00edas regionales est\u00e1n afectadas\u201d y que <strong>\u201cel 80% de los sectores econ\u00f3micos han perdido competitividad, posibilidad de inversi\u00f3n, capacidad productiva y clientes\u201d.<\/strong> Concluy\u00f3 que, a un a\u00f1o y medio de la implementaci\u00f3n de las pol\u00edticas nacionales, \u201cno se ve ning\u00fan derrame en beneficio de la econom\u00eda de la gente y de las empresas\u201d.<\/p>\n\n\n\n<p><strong>Fuente: www.diarioprensa.com.ar<\/strong><\/p>\n","protected":false},"excerpt":{"rendered":"<p>\u201cHay una realidad que el Gobierno nacional no ve y si la ve no est\u00e1 tomando ning\u00fan tipo de acci\u00f3n al respecto\u201d, dijo la ministra de Trabajo provincial, Sonia Castiglione. Tierra del Fuego atraviesa una fuerte retracci\u00f3n del empleo registrado. Seg\u00fan un informe difundido por el Centro de Econom\u00eda Pol\u00edtica Argentina (CEPA), la provincia perdi\u00f3 [&hellip;]<\/p>\n","protected":false},"author":5,"featured_media":7619,"comment_status":"open","ping_status":"open","sticky":false,"template":"","format":"standard","meta":[],"categories":[11],"tags":[],"_links":{"self":[{"href":"https:\/\/politicapatagonica.com\/index.php\/wp-json\/wp\/v2\/posts\/7618"}],"collection":[{"href":"https:\/\/politicapatagonica.com\/index.php\/wp-json\/wp\/v2\/posts"}],"about":[{"href":"https:\/\/politicapatagonica.com\/index.php\/wp-json\/wp\/v2\/types\/post"}],"author":[{"embeddable":true,"href":"https:\/\/politicapatagonica.com\/index.php\/wp-json\/wp\/v2\/users\/5"}],"replies":[{"embeddable":true,"href":"https:\/\/politicapatagonica.com\/index.php\/wp-json\/wp\/v2\/comments?post=7618"}],"version-history":[{"count":1,"href":"https:\/\/politicapatagonica.com\/index.php\/wp-json\/wp\/v2\/posts\/7618\/revisions"}],"predecessor-version":[{"id":7620,"href":"https:\/\/politicapatagonica.com\/index.php\/wp-json\/wp\/v2\/posts\/7618\/revisions\/7620"}],"wp:featuredmedia":[{"embeddable":true,"href":"https:\/\/politicapatagonica.com\/index.php\/wp-json\/wp\/v2\/media\/7619"}],"wp:attachment":[{"href":"https:\/\/politicapatagonica.com\/index.php\/wp-json\/wp\/v2\/media?parent=7618"}],"wp:term":[{"taxonomy":"category","embeddable":true,"href":"https:\/\/politicapatagonica.com\/index.php\/wp-json\/wp\/v2\/categories?post=7618"},{"taxonomy":"post_tag","embeddable":true,"href":"https:\/\/politicapatagonica.com\/index.php\/wp-json\/wp\/v2\/tags?post=7618"}],"curies":[{"name":"wp","href":"https:\/\/api.w.org\/{rel}","templated":true}]}}