{"id":7615,"date":"2025-09-17T23:14:21","date_gmt":"2025-09-17T23:14:21","guid":{"rendered":"https:\/\/politicapatagonica.com\/?p=7615"},"modified":"2025-09-18T20:29:09","modified_gmt":"2025-09-18T20:29:09","slug":"torres-inauguro-en-rio-pico-la-primera-estacion-de-telemedicina-y-una-cancha-de-cesped-sintetico","status":"publish","type":"post","link":"https:\/\/politicapatagonica.com\/index.php\/2025\/09\/17\/torres-inauguro-en-rio-pico-la-primera-estacion-de-telemedicina-y-una-cancha-de-cesped-sintetico\/","title":{"rendered":"Torres inaugur\u00f3 en R\u00edo Pico la primera Estaci\u00f3n de Telemedicina y una cancha de c\u00e9sped sint\u00e9tico"},"content":{"rendered":"\n<p><strong>El gobernador de Chubut, Ignacio &#8220;Nacho&#8221; Torres, encabez\u00f3 la puesta en funcionamiento de la primera Estaci\u00f3n de Telemedicina en la localidad de R\u00edo Pico, donde tambi\u00e9n inaugur\u00f3 una cancha de c\u00e9sped sint\u00e9tico, en el marco de las gestiones de la Provincia para promover y fortalecer la actividad deportiva en los j\u00f3venes.<\/strong><\/p>\n\n\n\n<p>Acompa\u00f1aron al mandatario en esta ocasi\u00f3n, el vicegobernador Gustavo Menna; la diputada nacional Ana Clara Romero; el presidente de Chubut Deportes, Milton Reyes; y el intendente local, Diego P\u00e9rez.<\/p>\n\n\n\n<p><strong>&#8220;Nos hacemos cargo y damos respuestas&#8221;<\/strong><\/p>\n\n\n\n<p><strong>Torres sostuvo que &#8220;en \u00e9pocas de bonanza econ\u00f3mica, es muy f\u00e1cil hacer las cosas; pero en momentos de crisis nacional como la que estamos atravesando, hace falta decisi\u00f3n, responsabilidad y austeridad, y donde muchos se quejan y se la pasan ech\u00e1ndole la culpa a Naci\u00f3n, nosotros nos hacemos cargo, ponemos el cuerpo y administramos bien para poder dar respuestas&#8221;.<\/strong><\/p>\n\n\n\n<p>&#8220;El hecho de contar con la primera Estaci\u00f3n de Telemedicina de R\u00edo Pico, no es algo menor: son m\u00e1s prestaciones m\u00e9dicas, y en el caso de la nueva cancha de c\u00e9sped sint\u00e9tico,<strong> es una cuesti\u00f3n no solo recreativa, sino que tambi\u00e9n hace al desarrollo de mejores personas que apuesten al deporte, y que tengan una aspiraci\u00f3n de crecer y desarrollarse profesionalmente en sus pueblos, s<\/strong>in que aspiren a irse, y que cuenten con una educaci\u00f3n terciaria en su ciudad, sin sufrir el desarraigo&#8221;, se\u00f1al\u00f3 el Gobernador.<\/p>\n\n\n\n<p>&#8220;Por ese motivo y a trav\u00e9s de las nuevas tecnolog\u00edas, entre ellas internet satelital y el compromiso que llevamos adelante para incluir Rob\u00f3tica, Programaci\u00f3n e Inteligencia Artificial, tiene como principal objetivo el desarrollo de las futuras generaciones, que en definitiva constituyen el futuro de R\u00edo Pico y de Chubut&#8221;, expres\u00f3 el titular del Ejecutivo, concluyendo que <strong>&#8220;esta gesti\u00f3n nunca va a prometer algo que no se pueda cumplir, y s\u00ed vamos a prometer que, hasta el \u00faltimo d\u00eda de gobierno, vamos a seguir haciendo todo el esfuerzo posible para terminar de integrar, definitivamente, a cada pueblo de nuestra provincia&#8221;.<\/strong><\/p>\n\n\n\n<p><strong>Acompa\u00f1amiento provincial<\/strong><\/p>\n\n\n\n<p>Por su parte, el intendente de R\u00edo Pico, Diego P\u00e9rez, destac\u00f3 el acompa\u00f1amiento de la Provincia y se\u00f1al\u00f3 que &#8220;los resultados est\u00e1n a la vista&#8221;, advirtiendo que &#8220;mientras el Gobierno nacional ha perjudicado a pueblos chicos como el nuestro, el Gobernador ha acompa\u00f1ado, siempre apoyando el deporte y para lo que nuestra comunidad necesita, al igual que Ana Clara Romero y Gustavo Menna&#8221;.<\/p>\n\n\n\n<p><strong>Telemedicina y espacio deportivo<\/strong><\/p>\n\n\n\n<p><strong>La nueva Estaci\u00f3n Multidiagn\u00f3stico de R\u00edo Pico, enmarcada en el programa &#8220;Conectar Salud&#8221; recientemente presentado, se encuentra equipada con term\u00f3metro, dermatoscop\u00eda, tensi\u00f3metro, c\u00e1mara HD, estetoscopio, pulsiox\u00edmetro, ox\u00edmetro y ECG, permitiendo conectar pacientes con profesionales de la salud de forma remota, y logrando el acceso a una gran variedad de especialistas, sin demoras, de forma segura, \u00e1gil y accesible.<\/strong><\/p>\n\n\n\n<p>Por otra parte, la obra para la cancha de c\u00e9sped sint\u00e9tico inaugurada por Torres, fue desarrollada a trav\u00e9s de un convenio entre la Municipalidad de R\u00edo Pico y la Secretar\u00eda de Infraestructura, Energ\u00eda y Planificaci\u00f3n.<\/p>\n\n\n\n<p><strong>Fuente: www.elchubut.com.ar<\/strong><\/p>\n","protected":false},"excerpt":{"rendered":"<p>El gobernador de Chubut, Ignacio &#8220;Nacho&#8221; Torres, encabez\u00f3 la puesta en funcionamiento de la primera Estaci\u00f3n de Telemedicina en la localidad de R\u00edo Pico, donde tambi\u00e9n inaugur\u00f3 una cancha de c\u00e9sped sint\u00e9tico, en el marco de las gestiones de la Provincia para promover y fortalecer la actividad deportiva en los j\u00f3venes. Acompa\u00f1aron al mandatario en [&hellip;]<\/p>\n","protected":false},"author":5,"featured_media":7616,"comment_status":"open","ping_status":"open","sticky":false,"template":"","format":"standard","meta":[],"categories":[14],"tags":[],"_links":{"self":[{"href":"https:\/\/politicapatagonica.com\/index.php\/wp-json\/wp\/v2\/posts\/7615"}],"collection":[{"href":"https:\/\/politicapatagonica.com\/index.php\/wp-json\/wp\/v2\/posts"}],"about":[{"href":"https:\/\/politicapatagonica.com\/index.php\/wp-json\/wp\/v2\/types\/post"}],"author":[{"embeddable":true,"href":"https:\/\/politicapatagonica.com\/index.php\/wp-json\/wp\/v2\/users\/5"}],"replies":[{"embeddable":true,"href":"https:\/\/politicapatagonica.com\/index.php\/wp-json\/wp\/v2\/comments?post=7615"}],"version-history":[{"count":1,"href":"https:\/\/politicapatagonica.com\/index.php\/wp-json\/wp\/v2\/posts\/7615\/revisions"}],"predecessor-version":[{"id":7617,"href":"https:\/\/politicapatagonica.com\/index.php\/wp-json\/wp\/v2\/posts\/7615\/revisions\/7617"}],"wp:featuredmedia":[{"embeddable":true,"href":"https:\/\/politicapatagonica.com\/index.php\/wp-json\/wp\/v2\/media\/7616"}],"wp:attachment":[{"href":"https:\/\/politicapatagonica.com\/index.php\/wp-json\/wp\/v2\/media?parent=7615"}],"wp:term":[{"taxonomy":"category","embeddable":true,"href":"https:\/\/politicapatagonica.com\/index.php\/wp-json\/wp\/v2\/categories?post=7615"},{"taxonomy":"post_tag","embeddable":true,"href":"https:\/\/politicapatagonica.com\/index.php\/wp-json\/wp\/v2\/tags?post=7615"}],"curies":[{"name":"wp","href":"https:\/\/api.w.org\/{rel}","templated":true}]}}