{"id":7608,"date":"2025-09-16T21:54:04","date_gmt":"2025-09-16T21:54:04","guid":{"rendered":"https:\/\/politicapatagonica.com\/?p=7608"},"modified":"2025-09-17T17:13:36","modified_gmt":"2025-09-17T17:13:36","slug":"banco-patagonia-capacito-a-emprendedores-rionegrinos-con-apoyo-municipal","status":"publish","type":"post","link":"https:\/\/politicapatagonica.com\/index.php\/2025\/09\/16\/banco-patagonia-capacito-a-emprendedores-rionegrinos-con-apoyo-municipal\/","title":{"rendered":"Banco Patagonia capacit\u00f3 a emprendedores rionegrinos con apoyo municipal"},"content":{"rendered":"\n<p><strong>M\u00e1s de 400 emprendimientos tuvieron la posibilidad de acceder a diversas capacitaciones online -20 cursos por participante-&nbsp; &nbsp;que les brindaron herramientas para su negocio, dentro de la 10\u00b0 Edici\u00f3n de Emprendedoras y Emprendedores de R\u00edo Negro.<\/strong><\/p>\n\n\n\n<p>Se trabaj\u00f3 sobre IA para emprendedores y sus aplicaciones pr\u00e1cticas, Networking colaborativo, Innovaci\u00f3n, Comunicaci\u00f3n efectiva, Planes de Negocio, entre otros.<\/p>\n\n\n\n<p>De todos los inscriptos se seleccionaron los 20 m\u00e1s destacados, que formar\u00e1n parte del <strong>cat\u00e1logo online (\/www.emprendedoresrionegro.com\/catalogo-virtual), donde se podr\u00e1 conocer la historia del emprendimiento, su innovaci\u00f3n y votarlos para sumar puntos al momento de seleccionar a los 7 finalistas.<\/strong><\/p>\n\n\n\n<p>Como en todas las ediciones del Programa<strong>, Banco Patagonia busca promover y acompa\u00f1ar al ecosistema emprendedor y el desarrollo de las comunidades donde la entidad financiera est\u00e1 presente. El certamen cuenta, adem\u00e1s, con el apoyo del Gobierno provincial, municipios, C\u00e1maras de Comercio locales y Organizaciones de la Sociedad Civil.<\/strong><\/p>\n\n\n\n<p>En la \u00faltima etapa, seleccionados los<strong> 7 finalistas<\/strong>, participar\u00e1n de un evento presencial donde tendr\u00e1n la oportunidad de mostrar sus aprendizajes, contar la historia de su proyecto y como lo visualiza hacia el futuro.<\/p>\n\n\n\n<p>Mientras exponen,<strong> un jurado interdisciplinario seleccionar\u00e1 a los 3 ganadores de esta edici\u00f3n, <\/strong>quienes recibir\u00e1n capital semilla por: $2.000.000 el 1er puesto, $1.500.000 el 2do puesto y $850.000 el 3er. puesto. Adem\u00e1s, se otorgar\u00e1 una menci\u00f3n especial a aquel emprendimiento que ponga especial foco en la perspectiva de g\u00e9nero, recibiendo un capital semilla de $500.000, para el fortalecimiento de sus negocios.<\/p>\n\n\n\n<p>Los emprendimientos semifinalistas que hoy conforman el cat\u00e1logo pueden conocerse y votarse hasta el 14 de octubre en&nbsp;https:\/\/www.emprendedoresrionegro.com\/catalogo-virtual.<\/p>\n\n\n\n<p><strong>Fuente: www.adnrionegro.com.ar<\/strong><\/p>\n","protected":false},"excerpt":{"rendered":"<p>M\u00e1s de 400 emprendimientos tuvieron la posibilidad de acceder a diversas capacitaciones online -20 cursos por participante-&nbsp; &nbsp;que les brindaron herramientas para su negocio, dentro de la 10\u00b0 Edici\u00f3n de Emprendedoras y Emprendedores de R\u00edo Negro. Se trabaj\u00f3 sobre IA para emprendedores y sus aplicaciones pr\u00e1cticas, Networking colaborativo, Innovaci\u00f3n, Comunicaci\u00f3n efectiva, Planes de Negocio, entre [&hellip;]<\/p>\n","protected":false},"author":5,"featured_media":7609,"comment_status":"open","ping_status":"open","sticky":false,"template":"","format":"standard","meta":[],"categories":[13],"tags":[],"_links":{"self":[{"href":"https:\/\/politicapatagonica.com\/index.php\/wp-json\/wp\/v2\/posts\/7608"}],"collection":[{"href":"https:\/\/politicapatagonica.com\/index.php\/wp-json\/wp\/v2\/posts"}],"about":[{"href":"https:\/\/politicapatagonica.com\/index.php\/wp-json\/wp\/v2\/types\/post"}],"author":[{"embeddable":true,"href":"https:\/\/politicapatagonica.com\/index.php\/wp-json\/wp\/v2\/users\/5"}],"replies":[{"embeddable":true,"href":"https:\/\/politicapatagonica.com\/index.php\/wp-json\/wp\/v2\/comments?post=7608"}],"version-history":[{"count":2,"href":"https:\/\/politicapatagonica.com\/index.php\/wp-json\/wp\/v2\/posts\/7608\/revisions"}],"predecessor-version":[{"id":7614,"href":"https:\/\/politicapatagonica.com\/index.php\/wp-json\/wp\/v2\/posts\/7608\/revisions\/7614"}],"wp:featuredmedia":[{"embeddable":true,"href":"https:\/\/politicapatagonica.com\/index.php\/wp-json\/wp\/v2\/media\/7609"}],"wp:attachment":[{"href":"https:\/\/politicapatagonica.com\/index.php\/wp-json\/wp\/v2\/media?parent=7608"}],"wp:term":[{"taxonomy":"category","embeddable":true,"href":"https:\/\/politicapatagonica.com\/index.php\/wp-json\/wp\/v2\/categories?post=7608"},{"taxonomy":"post_tag","embeddable":true,"href":"https:\/\/politicapatagonica.com\/index.php\/wp-json\/wp\/v2\/tags?post=7608"}],"curies":[{"name":"wp","href":"https:\/\/api.w.org\/{rel}","templated":true}]}}