{"id":7598,"date":"2025-09-16T20:49:36","date_gmt":"2025-09-16T20:49:36","guid":{"rendered":"https:\/\/politicapatagonica.com\/?p=7598"},"modified":"2025-09-16T20:49:38","modified_gmt":"2025-09-16T20:49:38","slug":"sergio-acevedo-renuncio-a-su-banca-en-la-camara-de-diputados-de-la-nacion","status":"publish","type":"post","link":"https:\/\/politicapatagonica.com\/index.php\/2025\/09\/16\/sergio-acevedo-renuncio-a-su-banca-en-la-camara-de-diputados-de-la-nacion\/","title":{"rendered":"Sergio Acevedo renunci\u00f3 a su banca en la C\u00e1mara de Diputados de la Naci\u00f3n"},"content":{"rendered":"\n<p>El diputado nacional por Santa Cruz,\u00a0<strong>Sergio Acevedo<\/strong>,\u00a0<strong>present\u00f3 formalmente su renuncia a la C\u00e1mara de Diputados de la Naci\u00f3n<\/strong>. La medida se enmarca en su postulaci\u00f3n como uno de los ternados para integrar el\u00a0<strong>Tribunal Superior de Justicia de la provincia<\/strong>, dentro del proceso de ampliaci\u00f3n de la\u00a0<strong>Corte santacruce\u00f1a<\/strong>.<\/p>\n\n\n\n<p>En la n\u00f3mina vigente de\u00a0<strong>Diputados<\/strong>,\u00a0accesible a trav\u00e9s de su p\u00e1gina web, aparece su nombre junto a la siguiente informaci\u00f3n: \u201c<strong>RENUNCIA PENDIENTE DE APROBACI\u00d3N<\/strong>\u201c.\u00a0<em>La Opini\u00f3n Austral<\/em>\u00a0pudo conocer que el exintendente de la ciudad de\u00a0<strong>Caleta Olivia, Facundo Prades ya se encuentra en Buenos Aires para asumir su lugar en el Congreso<\/strong>, ya que figuraba en la lista de reemplazos de Acevedo.\u00a0<strong>Ser\u00e1 este mi\u00e9rcoles<\/strong>, durante la sesi\u00f3n especial en la que se abordar\u00e1n los vetos de Javier Milei al Garrahan y el financiamiento universitario.<\/p>\n\n\n\n<p>Con esta definici\u00f3n, el&nbsp;<strong>bloque Por Santa Cruz<\/strong>, vinculado al partido&nbsp;<strong>SER<\/strong>, reacomoda su representaci\u00f3n a nivel nacional, mientras se aguarda la resoluci\u00f3n de la&nbsp;<strong>Legislatura provincial<\/strong>&nbsp;respecto a la designaci\u00f3n de Acevedo en el m\u00e1ximo tribunal de justicia local.<\/p>\n\n\n\n<p>Cabe destacar que el\u00a0<strong>8 de septiembre present\u00f3 su \u00faltimo proyecto de ley<\/strong>\u00a0acerca del r\u00e9gimen de licencias para profesionales independientes de la abogac\u00eda, mientras que el anterior, a principios del mes, trat\u00f3 la\u00a0<strong>protecci\u00f3n integral de los derechos de las ni\u00f1as, ni\u00f1os y adolescentes (Ley 26.061)<\/strong>, incorporando el art\u00edculo 72 bis sobre la creaci\u00f3n de un fondo extraordinario.<\/p>\n\n\n\n<p>A su vez, en\u00a0<strong>julio<\/strong>\u00a0solicit\u00f3 citar al procurador y a los subprocuradores del\u00a0<strong>Tesoro de la Naci\u00f3n ante la Comisi\u00f3n de Asuntos Constitucionales de la H. C\u00e1mara<\/strong>, con el fin de que brinden explicaciones sobre el proceso del\u00a0<strong>Grupo Petersen<\/strong>\u00a0contra la Rep\u00fablica Argentina en tribunales de Estados Unidos de Am\u00e9rica.<\/p>\n\n\n\n<h2><a href=\"https:\/\/laopinionaustral.com.ar\/politica-y-economia\/sergio-acevedo-nacion-dejo-de-girar-60-mil-millones-de-pesos-a-santa-cruz-508864.html\">\u201cSon m\u00e1s importantes los hechos que las palabras\u201d<\/a><\/h2>\n\n\n\n<p>A comienzos de marzo, Acevedo convers\u00f3 con&nbsp;<em>La Opini\u00f3n Austral<\/em>&nbsp;en el marco de la<strong>&nbsp;52\u00b0 apertura legislativa en Pico Truncado<\/strong>. En aquella ocasi\u00f3n, acompa\u00f1ado por el&nbsp;<strong>gobernador Claudio Vidal<\/strong>&nbsp;durante su discurso ante legisladores y legisladoras, sostuvo: \u201c<strong>Son m\u00e1s importantes los hechos que las palabras, estamos esperanzados y confiados<\/strong>&nbsp;que con todos los anuncios y proyectos puedan iniciarse y llevarse a cabo\u201d.<\/p>\n\n\n\n<p>Asimismo, consider\u00f3 que \u201cSanta Cruz va a tener que desenvolverse en este escenario y, m\u00e1s all\u00e1 de las acciones que se lleven a cabo,\u00a0<strong>tenemos tres cuestiones centrales: YPF, represas e YCRT<\/strong>\u201c. Subray\u00f3 que estas dependen de las pol\u00edticas nacionales.<\/p>\n\n\n\n<p>En otro orden, Acevedo recalc\u00f3: \u201cComo vecino de esta provincia, esperamos ansiosos que sea un buen a\u00f1o y los anuncios se concreten,\u00a0<strong>como parte de este gobierno pondremos nuestras mayores responsabilidades para colaborar<\/strong>\u201c.<\/p>\n\n\n\n<p>A prop\u00f3sito de la relaci\u00f3n entre Provincia y Naci\u00f3n, valor\u00f3 que \u201cClaudio Vidal tiene que tener ese grado de flexibilidad que lo lleve a tener un di\u00e1logo constructivo y productivo para dar respuesta a nuestras necesidades y este proyecto pol\u00edtico\u201d.<\/p>\n\n\n\n<p>Acto seguido, afirm\u00f3 que como peronista no comparte con el Gobierno nacional \u201ccuando se dice que la justicia social no existe\u201d. Volviendo a la actualidad de Santa Cruz, sostuvo: \u201cDebemos pensar que tuvimos problemas en salud, educaci\u00f3n, estructura vial, vivienda -entre otros- esos deben ser nuestros objetivos, despu\u00e9s las cuestiones ideol\u00f3gicas van por otros caminos\u201d, y concluy\u00f3: \u201c<strong>En tiempos de emergencias hay que establecer prioridades y empujar todos para el mismo lado. Luego cuando todo se normaliza se dan otros tipos de discusiones<\/strong>\u201c.<\/p>\n\n\n\n<p><strong>Fuente: www.laopinionaustral.com.ar<\/strong><\/p>\n","protected":false},"excerpt":{"rendered":"<p>El diputado nacional por Santa Cruz,\u00a0Sergio Acevedo,\u00a0present\u00f3 formalmente su renuncia a la C\u00e1mara de Diputados de la Naci\u00f3n. La medida se enmarca en su postulaci\u00f3n como uno de los ternados para integrar el\u00a0Tribunal Superior de Justicia de la provincia, dentro del proceso de ampliaci\u00f3n de la\u00a0Corte santacruce\u00f1a. En la n\u00f3mina vigente de\u00a0Diputados,\u00a0accesible a trav\u00e9s de [&hellip;]<\/p>\n","protected":false},"author":5,"featured_media":7599,"comment_status":"open","ping_status":"open","sticky":false,"template":"","format":"standard","meta":[],"categories":[8],"tags":[],"_links":{"self":[{"href":"https:\/\/politicapatagonica.com\/index.php\/wp-json\/wp\/v2\/posts\/7598"}],"collection":[{"href":"https:\/\/politicapatagonica.com\/index.php\/wp-json\/wp\/v2\/posts"}],"about":[{"href":"https:\/\/politicapatagonica.com\/index.php\/wp-json\/wp\/v2\/types\/post"}],"author":[{"embeddable":true,"href":"https:\/\/politicapatagonica.com\/index.php\/wp-json\/wp\/v2\/users\/5"}],"replies":[{"embeddable":true,"href":"https:\/\/politicapatagonica.com\/index.php\/wp-json\/wp\/v2\/comments?post=7598"}],"version-history":[{"count":1,"href":"https:\/\/politicapatagonica.com\/index.php\/wp-json\/wp\/v2\/posts\/7598\/revisions"}],"predecessor-version":[{"id":7600,"href":"https:\/\/politicapatagonica.com\/index.php\/wp-json\/wp\/v2\/posts\/7598\/revisions\/7600"}],"wp:featuredmedia":[{"embeddable":true,"href":"https:\/\/politicapatagonica.com\/index.php\/wp-json\/wp\/v2\/media\/7599"}],"wp:attachment":[{"href":"https:\/\/politicapatagonica.com\/index.php\/wp-json\/wp\/v2\/media?parent=7598"}],"wp:term":[{"taxonomy":"category","embeddable":true,"href":"https:\/\/politicapatagonica.com\/index.php\/wp-json\/wp\/v2\/categories?post=7598"},{"taxonomy":"post_tag","embeddable":true,"href":"https:\/\/politicapatagonica.com\/index.php\/wp-json\/wp\/v2\/tags?post=7598"}],"curies":[{"name":"wp","href":"https:\/\/api.w.org\/{rel}","templated":true}]}}