{"id":7590,"date":"2025-09-16T00:18:37","date_gmt":"2025-09-16T00:18:37","guid":{"rendered":"https:\/\/politicapatagonica.com\/?p=7590"},"modified":"2025-09-16T00:18:38","modified_gmt":"2025-09-16T00:18:38","slug":"el-gobierno-de-neuquen-convoco-a-los-gremios-estatales-para-discutir-la-paritaria-2026","status":"publish","type":"post","link":"https:\/\/politicapatagonica.com\/index.php\/2025\/09\/16\/el-gobierno-de-neuquen-convoco-a-los-gremios-estatales-para-discutir-la-paritaria-2026\/","title":{"rendered":"El Gobierno de Neuqu\u00e9n convoc\u00f3 a los gremios estatales para discutir la paritaria 2026"},"content":{"rendered":"\n<p>El Gobierno de la Provincia del\u00a0<strong>Neuqu\u00e9n<\/strong>\u00a0convocar\u00e1 a los gremios que representan a los trabajadores del Estado, para iniciar la negociaci\u00f3n\u00a0<strong>paritaria<\/strong>\u00a0correspondiente a 2026. Lo har\u00e1 con la antelaci\u00f3n suficiente para darles previsibilidad, tanto a los agentes como al equipo econ\u00f3mico que tiene a su cargo las cuentas p\u00fablicas.<\/p>\n\n\n\n<p>Esta decisi\u00f3n no es in\u00e9dita: en 2024,<strong> el gobernador Rolando Figueroa<\/strong> hab\u00eda convocado anticipadamente a las asociaciones sindicales y\u00a0<strong>logr\u00f3 cerrar los acuerdos salariales antes de la presentaci\u00f3n del proyecto de Presupuesto 2025 a la Legislatura provincial.<\/strong><\/p>\n\n\n\n<h2><strong>Paritarias antes que termine octubre<\/strong><\/h2>\n\n\n\n<p><strong>La Constituci\u00f3n Provincial establece que la ley de leyes debe ser remitida anualmente por el Ejecutivo al Poder Legislativo antes de que finalice octubre. Este a\u00f1o no ser\u00e1 la excepci\u00f3n. Sin embargo, como se trata de un mes electoral, el gobierno neuquino opt\u00f3 por convocar a paritarias en una fecha posterior para resguardar la institucionalidad de la discusi\u00f3n con los gremios y que las decisiones no se vean afectadas por la compulsa pol\u00edtica.<\/strong><\/p>\n\n\n\n<p>El 27 de octubre, es decir, el d\u00eda posterior a las elecciones en las que se elegir\u00e1n senadores y diputados para el Congreso de la Naci\u00f3n, el Ministerio de Gobierno convocar\u00e1, a lo largo de esa semana, a cada uno de los gremios. La invitaci\u00f3n&nbsp;<strong>estar\u00e1 dirigida a las conducciones de la Asociaci\u00f3n Trabajadores del Estado (ATE), la Asociaci\u00f3n de Trabajadores de la Educaci\u00f3n de Neuqu\u00e9n (ATEN), la Uni\u00f3n del Personal Civil de la Naci\u00f3n (UPCN) y la Uni\u00f3n Neuquina de Agentes Viales Provinciales (UNAVP)<\/strong>.<\/p>\n\n\n\n<p><strong>La novedad fue dada a conocer en la misma semana en que el Gobierno neuquino se apresta a abonar el pago de la segunda cuota de la asignaci\u00f3n por ropa de trabajo, correspondiente a 2025. <\/strong>Se trata de un compromiso asumido justamente en la negociaci\u00f3n realizada en 2024, que alcanzar\u00e1 a todos los sectores de la administraci\u00f3n p\u00fablica provincial, incluida Polic\u00eda, salvo docentes y quienes reciben directamente la indumentaria.<\/p>\n\n\n\n<h2>Qu\u00e9 pasa con el IPC de Neuqu\u00e9n<\/h2>\n\n\n\n<p>Por ahora, desde la administraci\u00f3n provincial no hubo pronunciamientos oficiales sobre la posibilidad de abrir una paritaria anticipada.<strong> Los gremios insisten en que la convocatoria es clave para defender lo que consideran \u201cel mejor acuerdo salarial del pa\u00eds\u201d<\/strong>, evitar tensiones al inicio del 2026 y garantizar previsibilidad en un contexto econ\u00f3mico incierto.<\/p>\n\n\n\n<p>El pasado mi\u00e9rcoles se conocieron las variaciones de precios del\u00a0<strong>\u00cdndice de Precios al Consumidor (IPC)<\/strong>\u00a0tanto a nivel nacional como en la provincia de\u00a0<strong>Neuqu\u00e9n<\/strong>. Mes a mes, las mediciones muestran porcentajes distintos y, para agosto de 2025 fue de casi un 50% m\u00e1s alta en Neuqu\u00e9n que en la medida nacional. El \u00cdndice de Precios al Consumidor (IPC) a nivel nacional fue del\u00a0<strong class=\"\">1,9%<\/strong>\u00a0en agosto de 2025.\u00a0<strong>En tanto que en Neuqu\u00e9n fue de 2,8%.<\/strong><\/p>\n\n\n\n<p>El \u00faltimo incremento salarial para los estatales de Neuqu\u00e9n se concret\u00f3 con los haberes de julio, que incorporaron un 6,5% correspondiente al segundo trimestre del a\u00f1o. Fue la tercera actualizaci\u00f3n de 2025 y surge de la aplicaci\u00f3n autom\u00e1tica del \u00edndice de precios al consumidor\u00a0<strong>(IPC)<\/strong>, calculado como promedio entre el indicador nacional y el provincial.<\/p>\n\n\n\n<h2><strong>El pedido de los gremios<\/strong><\/h2>\n\n\n\n<p>Previo a la convocatoria, la&nbsp;<strong>secretaria adjunta de ATEN Cintia Galetto<\/strong>&nbsp;explic\u00f3: \u201cEl planteo de muchos y muchas era la exigencia, antes del cierre del ciclo lectivo, y tambi\u00e9n tener una convocatoria de negociaci\u00f3n que nos permita iniciar otro ciclo lectivo en 2026 a tiempo, no s\u00f3lo en t\u00e9rminos salariales, sino en el resto del pliego, que hacen a la calidad del salario y del trabajo de cada compa\u00f1era y compa\u00f1ero\u201d.<\/p>\n\n\n\n<p>Adem\u00e1s, resalt\u00f3 la necesidad de que se incluyan en la discusi\u00f3n las condiciones de infraestructura escolar.&nbsp;<strong>\u201cHabitar una escuela en condiciones y de infraestructura garantizada.<\/strong>&nbsp;Estos \u00edtems tienen que volver a valorarse. El IPC es una conquista muy fuerte y en todo el pa\u00eds se discuten pautas salariales en torno al 1 por ciento\u201d.<\/p>\n\n\n\n<p>En tanto que desde el<strong>\u00a0Sindicato de Empleados Judiciales de Neuqu\u00e9n (Sejun)<\/strong>, sostuvieron que el &#8220;el costo de vida es distinto en Neuqu\u00e9n&#8221;, por los indicadores econ\u00f3micos de los precios petroleros. Incluso, por mayor inflaci\u00f3n no que el resto del pa\u00eds.<\/p>\n\n\n\n<p><strong>En la misma l\u00ednea, Claudio Salazar, secretario general de Sejun, sostuvo: \u201cHoy un salario inicial de un turno est\u00e1 por arriba de un mill\u00f3n de pesos y cuando uno mira eso, supera la media nacional, pero el costo de vida es distinto. Si bien Vaca Muerta representa una condici\u00f3n distinta, tambi\u00e9n impone costos distintos\u201d.<\/strong><\/p>\n\n\n\n<p><strong>Fuente: www.lmneuquen.com<\/strong><\/p>\n","protected":false},"excerpt":{"rendered":"<p>El Gobierno de la Provincia del\u00a0Neuqu\u00e9n\u00a0convocar\u00e1 a los gremios que representan a los trabajadores del Estado, para iniciar la negociaci\u00f3n\u00a0paritaria\u00a0correspondiente a 2026. Lo har\u00e1 con la antelaci\u00f3n suficiente para darles previsibilidad, tanto a los agentes como al equipo econ\u00f3mico que tiene a su cargo las cuentas p\u00fablicas. Esta decisi\u00f3n no es in\u00e9dita: en 2024, el [&hellip;]<\/p>\n","protected":false},"author":5,"featured_media":7591,"comment_status":"open","ping_status":"open","sticky":false,"template":"","format":"standard","meta":[],"categories":[9],"tags":[],"_links":{"self":[{"href":"https:\/\/politicapatagonica.com\/index.php\/wp-json\/wp\/v2\/posts\/7590"}],"collection":[{"href":"https:\/\/politicapatagonica.com\/index.php\/wp-json\/wp\/v2\/posts"}],"about":[{"href":"https:\/\/politicapatagonica.com\/index.php\/wp-json\/wp\/v2\/types\/post"}],"author":[{"embeddable":true,"href":"https:\/\/politicapatagonica.com\/index.php\/wp-json\/wp\/v2\/users\/5"}],"replies":[{"embeddable":true,"href":"https:\/\/politicapatagonica.com\/index.php\/wp-json\/wp\/v2\/comments?post=7590"}],"version-history":[{"count":1,"href":"https:\/\/politicapatagonica.com\/index.php\/wp-json\/wp\/v2\/posts\/7590\/revisions"}],"predecessor-version":[{"id":7592,"href":"https:\/\/politicapatagonica.com\/index.php\/wp-json\/wp\/v2\/posts\/7590\/revisions\/7592"}],"wp:featuredmedia":[{"embeddable":true,"href":"https:\/\/politicapatagonica.com\/index.php\/wp-json\/wp\/v2\/media\/7591"}],"wp:attachment":[{"href":"https:\/\/politicapatagonica.com\/index.php\/wp-json\/wp\/v2\/media?parent=7590"}],"wp:term":[{"taxonomy":"category","embeddable":true,"href":"https:\/\/politicapatagonica.com\/index.php\/wp-json\/wp\/v2\/categories?post=7590"},{"taxonomy":"post_tag","embeddable":true,"href":"https:\/\/politicapatagonica.com\/index.php\/wp-json\/wp\/v2\/tags?post=7590"}],"curies":[{"name":"wp","href":"https:\/\/api.w.org\/{rel}","templated":true}]}}