{"id":7586,"date":"2025-09-15T20:25:28","date_gmt":"2025-09-15T20:25:28","guid":{"rendered":"https:\/\/politicapatagonica.com\/?p=7586"},"modified":"2025-09-16T17:05:40","modified_gmt":"2025-09-16T17:05:40","slug":"abordaje-responsable-del-suicidio-en-los-medios","status":"publish","type":"post","link":"https:\/\/politicapatagonica.com\/index.php\/2025\/09\/15\/abordaje-responsable-del-suicidio-en-los-medios\/","title":{"rendered":"Buscan un abordaje responsable del suicidio en los medios de comunicaci\u00f3n de Tierra del Fuego"},"content":{"rendered":"\n<p><br>El Gobierno llev\u00f3 adelante en Tolhuin un conversatorio denominado \u201cClaves para el abordaje responsable de la problem\u00e1tica del suicidio en los medios\u201d. La actividad reuni\u00f3 a trabajadores de prensa, integrantes de equipos de salud, personal de seguridad y representantes de \u00e1reas comunitarias, con el prop\u00f3sito de reflexionar sobre c\u00f3mo comunicar este tema con responsabilidad social.<\/p>\n\n\n\n<p>El encuentro tuvo lugar en el SUM de la Delegaci\u00f3n del Gobierno Provincial en la ciudad mediterr\u00e1nea y estuvo encabezado por el secretario de Salud Mental, David de Piero, junto a la referente del Programa de Prevenci\u00f3n del Suicidio, Alejandra Potylicki, y la directora de Salud Mental de Tolhuin, Marta Bola\u00f1o. La jornada se desarroll\u00f3 en el marco del D\u00eda Mundial de Prevenci\u00f3n del Suicidio, que se conmemora cada 10 de septiembre, y se inscribe en una serie de actividades de concientizaci\u00f3n impulsadas durante el mes por el Ministerio de Salud.<\/p>\n\n\n\n<p>De Piero destac\u00f3 que se convoc\u00f3 especialmente a los medios de comunicaci\u00f3n, adem\u00e1s de a fuerzas de seguridad, \u00e1reas de educaci\u00f3n, bomberos y Defensa Civil, \u201cporque ante esta problem\u00e1tica es clave la participaci\u00f3n de todos los actores, sobre todo de aquellos que generan informaci\u00f3n en la esfera social\u201d.<\/p>\n\n\n\n<p>Durante el encuentro se abordaron estad\u00edsticas locales, la importancia de las redes de trabajo existentes en Tolhuin y los principales mitos alrededor del suicidio. Tambi\u00e9n se hizo foco en los indicadores y se\u00f1ales de alarma que pueden dar quienes atraviesan esta situaci\u00f3n, y en el rol del entorno m\u00e1s cercano para detectar y acompa\u00f1ar. \u201cUna persona que est\u00e1 atravesando esta problem\u00e1tica generalmente no pide ayuda de manera directa, sino que lo hace a trav\u00e9s de se\u00f1ales que debemos interpretar\u201d, explic\u00f3 el funcionario.<\/p>\n\n\n\n<p>Respecto del rol de la prensa, se resalt\u00f3 la necesidad de informar con cuidado, sin difundir detalles que puedan generar efectos negativos. \u201cEs fundamental lo que se transmite y lo que no se tiene que dar a conocer, porque detr\u00e1s de cada caso hay familiares, personas cercanas y est\u00e1 en juego la dignidad del individuo\u201d, se\u00f1al\u00f3 De Piero.<\/p>\n\n\n\n<p>Tanto \u00e9l como Potylicki valoraron el alto nivel de participaci\u00f3n y los aportes de quienes asistieron a la jornada. Adem\u00e1s, adelantaron que el ciclo de conversatorios continuar\u00e1 en otras ciudades de la provincia, en articulaci\u00f3n con el Ministerio de Bienestar Ciudadano y Justicia.<\/p>\n\n\n\n<p>El Gobierno busca consolidar una agenda de prevenci\u00f3n y concientizaci\u00f3n que involucre tanto a especialistas como a la sociedad en general, con el objetivo de fortalecer el abordaje comunitario de una problem\u00e1tica social sensible y compleja.<\/p>\n\n\n\n<p>En ese marco, se inform\u00f3 el cronograma de pr\u00f3ximos encuentros abiertos a la comunidad:<br>\u2022 Martes 16 de septiembre, a las 11:00, en Ushuaia: \u201cHablemos de suicidio. Abordaje territorial a una problem\u00e1tica social\u201d, en el Sal\u00f3n del IPRA.<\/p>\n\n\n\n<p>\u2022 Mi\u00e9rcoles 17 de septiembre, a las 11:00, en Tolhuin: misma propuesta en el Centro Cultural Lola Kiepja.<br>\u2022 Martes 23 de septiembre, a las 11:00, en R\u00edo Grande: \u201cHablemos de suicidio\u201d en el Sal\u00f3n del IPRA.<\/p>\n\n\n\n<p><\/p>\n\n\n\n<p><strong>Fuente: www.eldiariodelfindelmundo.com<\/strong><\/p>\n","protected":false},"excerpt":{"rendered":"<p>El Gobierno llev\u00f3 adelante en Tolhuin un conversatorio denominado \u201cClaves para el abordaje responsable de la problem\u00e1tica del suicidio en los medios\u201d. La actividad reuni\u00f3 a trabajadores de prensa, integrantes de equipos de salud, personal de seguridad y representantes de \u00e1reas comunitarias, con el prop\u00f3sito de reflexionar sobre c\u00f3mo comunicar este tema con responsabilidad social. [&hellip;]<\/p>\n","protected":false},"author":5,"featured_media":7587,"comment_status":"open","ping_status":"open","sticky":false,"template":"","format":"standard","meta":[],"categories":[11],"tags":[],"_links":{"self":[{"href":"https:\/\/politicapatagonica.com\/index.php\/wp-json\/wp\/v2\/posts\/7586"}],"collection":[{"href":"https:\/\/politicapatagonica.com\/index.php\/wp-json\/wp\/v2\/posts"}],"about":[{"href":"https:\/\/politicapatagonica.com\/index.php\/wp-json\/wp\/v2\/types\/post"}],"author":[{"embeddable":true,"href":"https:\/\/politicapatagonica.com\/index.php\/wp-json\/wp\/v2\/users\/5"}],"replies":[{"embeddable":true,"href":"https:\/\/politicapatagonica.com\/index.php\/wp-json\/wp\/v2\/comments?post=7586"}],"version-history":[{"count":2,"href":"https:\/\/politicapatagonica.com\/index.php\/wp-json\/wp\/v2\/posts\/7586\/revisions"}],"predecessor-version":[{"id":7597,"href":"https:\/\/politicapatagonica.com\/index.php\/wp-json\/wp\/v2\/posts\/7586\/revisions\/7597"}],"wp:featuredmedia":[{"embeddable":true,"href":"https:\/\/politicapatagonica.com\/index.php\/wp-json\/wp\/v2\/media\/7587"}],"wp:attachment":[{"href":"https:\/\/politicapatagonica.com\/index.php\/wp-json\/wp\/v2\/media?parent=7586"}],"wp:term":[{"taxonomy":"category","embeddable":true,"href":"https:\/\/politicapatagonica.com\/index.php\/wp-json\/wp\/v2\/categories?post=7586"},{"taxonomy":"post_tag","embeddable":true,"href":"https:\/\/politicapatagonica.com\/index.php\/wp-json\/wp\/v2\/tags?post=7586"}],"curies":[{"name":"wp","href":"https:\/\/api.w.org\/{rel}","templated":true}]}}