{"id":7583,"date":"2025-09-12T21:41:42","date_gmt":"2025-09-12T21:41:42","guid":{"rendered":"https:\/\/politicapatagonica.com\/?p=7583"},"modified":"2025-09-16T17:03:26","modified_gmt":"2025-09-16T17:03:26","slug":"torres-anuncio-que-aumentara-el-presupuesto-en-educacion-en-2026","status":"publish","type":"post","link":"https:\/\/politicapatagonica.com\/index.php\/2025\/09\/12\/torres-anuncio-que-aumentara-el-presupuesto-en-educacion-en-2026\/","title":{"rendered":"Torres anunci\u00f3 que aumentar\u00e1 el presupuesto en Educaci\u00f3n en 2026\u00a0"},"content":{"rendered":"\n<p><strong>Este viernes, el gobernador de Chubut, Ignacio Torres, confirm\u00f3 que el presupuesto 2026 tendr\u00e1 un incremento en el \u00e1rea educativa, superando ampliamente el piso que establece la ley.<\/strong><\/p>\n\n\n\n<p>&#8220;Primero, conceptualmente hay que entender que <strong>el presupuesto es lo que se presupone&nbsp;que se va a recaudar y que se va a gastar. Nosotros tenemos un compromiso que excede lo que manda la ley del 25% del presupuesto en Educaci\u00f3n, nosotros vamos a estar por encima del 40% porque queremos terminar de consolidar la transformaci\u00f3n a nivel de infraestructura escolar, <\/strong>pero tambi\u00e9n de mobiliario y de calidad acad\u00e9mica&#8221;, expres\u00f3 el mandatario provincial.<\/p>\n\n\n\n<p>Respecto a las demandas salariales en el sector educativo, aclar\u00f3: <strong>&#8220;A m\u00ed me encantar\u00eda aumentarle el sueldo a todos al&nbsp;triple que la inflaci\u00f3n, pero nunca voy a cometer una irresponsabilidad tal como cometi\u00f3 el ex gobernador Arcioni. Siempre, en \u00e9pocas de bonanza, vamos a apuntar a aunque sea un punto, dos puntos por encima de la inflaci\u00f3n para que haya un esquema de recomposici\u00f3n salarial&#8221;.<\/strong><\/p>\n\n\n\n<p>&#8220;Nosotros cerramos mejor que la Provincia de Buenos Aires, por ejemplo&#8221;, argument\u00f3 el gobernador, agregando que &#8220;nunca me voy a comprometer algo que no pueda cumplir, y no me importa que sea un a\u00f1o electoral, tenemos que ser responsables&#8221;.<\/p>\n\n\n\n<p>Torres subray\u00f3 que la coyuntura nacional atraviesa una etapa recesiva con una fuerte ca\u00edda en la recaudaci\u00f3n, y sostuvo que &#8220;si no hubi\u00e9semos hecho las cosas bien, hoy la situaci\u00f3n de la provincia de Chubut ser\u00eda como la de otras provincias que est\u00e1n quebradas&#8221;.&nbsp;<\/p>\n\n\n\n<p><strong>Fuente: www.elchubut.com.ar<\/strong><\/p>\n\n\n\n<p><br>&nbsp;<br>&nbsp;<\/p>\n","protected":false},"excerpt":{"rendered":"<p>Este viernes, el gobernador de Chubut, Ignacio Torres, confirm\u00f3 que el presupuesto 2026 tendr\u00e1 un incremento en el \u00e1rea educativa, superando ampliamente el piso que establece la ley. &#8220;Primero, conceptualmente hay que entender que el presupuesto es lo que se presupone&nbsp;que se va a recaudar y que se va a gastar. Nosotros tenemos un compromiso [&hellip;]<\/p>\n","protected":false},"author":5,"featured_media":7584,"comment_status":"open","ping_status":"open","sticky":false,"template":"","format":"standard","meta":[],"categories":[14],"tags":[],"_links":{"self":[{"href":"https:\/\/politicapatagonica.com\/index.php\/wp-json\/wp\/v2\/posts\/7583"}],"collection":[{"href":"https:\/\/politicapatagonica.com\/index.php\/wp-json\/wp\/v2\/posts"}],"about":[{"href":"https:\/\/politicapatagonica.com\/index.php\/wp-json\/wp\/v2\/types\/post"}],"author":[{"embeddable":true,"href":"https:\/\/politicapatagonica.com\/index.php\/wp-json\/wp\/v2\/users\/5"}],"replies":[{"embeddable":true,"href":"https:\/\/politicapatagonica.com\/index.php\/wp-json\/wp\/v2\/comments?post=7583"}],"version-history":[{"count":2,"href":"https:\/\/politicapatagonica.com\/index.php\/wp-json\/wp\/v2\/posts\/7583\/revisions"}],"predecessor-version":[{"id":7596,"href":"https:\/\/politicapatagonica.com\/index.php\/wp-json\/wp\/v2\/posts\/7583\/revisions\/7596"}],"wp:featuredmedia":[{"embeddable":true,"href":"https:\/\/politicapatagonica.com\/index.php\/wp-json\/wp\/v2\/media\/7584"}],"wp:attachment":[{"href":"https:\/\/politicapatagonica.com\/index.php\/wp-json\/wp\/v2\/media?parent=7583"}],"wp:term":[{"taxonomy":"category","embeddable":true,"href":"https:\/\/politicapatagonica.com\/index.php\/wp-json\/wp\/v2\/categories?post=7583"},{"taxonomy":"post_tag","embeddable":true,"href":"https:\/\/politicapatagonica.com\/index.php\/wp-json\/wp\/v2\/tags?post=7583"}],"curies":[{"name":"wp","href":"https:\/\/api.w.org\/{rel}","templated":true}]}}