{"id":7580,"date":"2025-09-12T21:37:02","date_gmt":"2025-09-12T21:37:02","guid":{"rendered":"https:\/\/politicapatagonica.com\/?p=7580"},"modified":"2025-09-16T16:56:40","modified_gmt":"2025-09-16T16:56:40","slug":"weretilneck-remarco-que-un-pais-no-se-construye-abandonando-las-universidades-y-la-salud","status":"publish","type":"post","link":"https:\/\/politicapatagonica.com\/index.php\/2025\/09\/12\/weretilneck-remarco-que-un-pais-no-se-construye-abandonando-las-universidades-y-la-salud\/","title":{"rendered":"Weretilneck remarc\u00f3 que &#8220;un pa\u00eds no se construye abandonando las universidades y la salud&#8221;"},"content":{"rendered":"\n<p><strong>El gobernador de R\u00edo Negro, Alberto Weretilneck rechaz\u00f3 la sucesi\u00f3n de vetos para el financiamiento a las universidades, la salud y las provincias, anticipando que el Congreso rechazar\u00e1 esas medidas del presidente Javier Milei.<\/strong><\/p>\n\n\n\n<p>Adem\u00e1s, exigi\u00f3 &#8220;<strong>un \u00e1mbito federal serio, con temario claro&#8221;&nbsp;<\/strong>si hay convocatoria a los mandatarios y desaconsej\u00f3 un encuentro pol\u00edtico a puertas cerradas\u201d.<\/p>\n\n\n\n<p>En Cipolletti, el mandatario rionegrino asegur\u00f3 que un pa\u00eds no se construye abandonando a las universidades, quit\u00e1ndole la salud a los ni\u00f1os y neg\u00e1ndole a las provincias los recursos que les corresponden. Eso no es federalismo, es un castigo injusto.<\/p>\n\n\n\n<p><strong>&#8220;Estamos hablando de derechos b\u00e1sicos, como educaci\u00f3n, salud y federalismo&#8221;, agreg\u00f3. Los vetos presidenciales, firmados entre mi\u00e9rcoles y jueves, anularon diferentes leyes que el Congreso Nacional sancion\u00f3 por amplia mayor\u00eda, donde se otorgaba un financiamiento especial para las universidades, la emergencia pedi\u00e1trica y la distribuci\u00f3n autom\u00e1tica a las provincias de los Aportes del Tesoro Nacional (ATN).<\/strong><\/p>\n\n\n\n<p><strong>Los gobernadores impulsaron el proyecto de ATN<\/strong>&nbsp;y, en ese sentido, <strong>Weretilneck cont\u00f3 que &#8220;son fondos que se descuentan de la coparticipaci\u00f3n, es decir, de los impuestos que nos pertenecen a las provincias. No pedimos nada m\u00e1s que lo que corresponde: esos recursos son de los rionegrinos y deben volver en obras, en escuelas, en hospitales y en servicios para nuestra gente\u201d.<\/strong><\/p>\n\n\n\n<p>El mandatario rionegrino tambi\u00e9n advirti\u00f3 que \u201cno hubo ninguna convocatoria institucional a las provincias\u201d por parte del Gobierno Nacional.<\/p>\n\n\n\n<p>\u201cEl di\u00e1logo que existi\u00f3 fue partidario, con gobernadores aliados a La Libertad Avanza.<strong>&nbsp;Exigimos un \u00e1mbito federal serio, con temario claro<\/strong>, donde estemos todas las provincias, no un encuentro pol\u00edtico a puertas cerradas\u201d, sostuvo.<\/p>\n\n\n\n<p>Remarc\u00f3 que&nbsp;<strong>\u201cR\u00edo Negro no se va a quedar en silencio frente a estas decisiones.<\/strong>&nbsp;Vamos a defender en el Congreso lo que corresponde a nuestra gente. Porque la defensa nace ac\u00e1, en cada provincia, en cada universidad, en cada hospital que necesita recursos para seguir de pie\u201d.<\/p>\n\n\n\n<p><strong>Fuente: www.rionegro.com.ar<\/strong><\/p>\n","protected":false},"excerpt":{"rendered":"<p>El gobernador de R\u00edo Negro, Alberto Weretilneck rechaz\u00f3 la sucesi\u00f3n de vetos para el financiamiento a las universidades, la salud y las provincias, anticipando que el Congreso rechazar\u00e1 esas medidas del presidente Javier Milei. Adem\u00e1s, exigi\u00f3 &#8220;un \u00e1mbito federal serio, con temario claro&#8221;&nbsp;si hay convocatoria a los mandatarios y desaconsej\u00f3 un encuentro pol\u00edtico a puertas [&hellip;]<\/p>\n","protected":false},"author":5,"featured_media":7581,"comment_status":"open","ping_status":"open","sticky":false,"template":"","format":"standard","meta":[],"categories":[13],"tags":[],"_links":{"self":[{"href":"https:\/\/politicapatagonica.com\/index.php\/wp-json\/wp\/v2\/posts\/7580"}],"collection":[{"href":"https:\/\/politicapatagonica.com\/index.php\/wp-json\/wp\/v2\/posts"}],"about":[{"href":"https:\/\/politicapatagonica.com\/index.php\/wp-json\/wp\/v2\/types\/post"}],"author":[{"embeddable":true,"href":"https:\/\/politicapatagonica.com\/index.php\/wp-json\/wp\/v2\/users\/5"}],"replies":[{"embeddable":true,"href":"https:\/\/politicapatagonica.com\/index.php\/wp-json\/wp\/v2\/comments?post=7580"}],"version-history":[{"count":2,"href":"https:\/\/politicapatagonica.com\/index.php\/wp-json\/wp\/v2\/posts\/7580\/revisions"}],"predecessor-version":[{"id":7595,"href":"https:\/\/politicapatagonica.com\/index.php\/wp-json\/wp\/v2\/posts\/7580\/revisions\/7595"}],"wp:featuredmedia":[{"embeddable":true,"href":"https:\/\/politicapatagonica.com\/index.php\/wp-json\/wp\/v2\/media\/7581"}],"wp:attachment":[{"href":"https:\/\/politicapatagonica.com\/index.php\/wp-json\/wp\/v2\/media?parent=7580"}],"wp:term":[{"taxonomy":"category","embeddable":true,"href":"https:\/\/politicapatagonica.com\/index.php\/wp-json\/wp\/v2\/categories?post=7580"},{"taxonomy":"post_tag","embeddable":true,"href":"https:\/\/politicapatagonica.com\/index.php\/wp-json\/wp\/v2\/tags?post=7580"}],"curies":[{"name":"wp","href":"https:\/\/api.w.org\/{rel}","templated":true}]}}