{"id":7568,"date":"2025-09-11T19:52:30","date_gmt":"2025-09-11T19:52:30","guid":{"rendered":"https:\/\/politicapatagonica.com\/?p=7568"},"modified":"2025-09-12T12:13:41","modified_gmt":"2025-09-12T12:13:41","slug":"universidades-ziliotto-rechaza-el-veto-y-advierte-sobre-otra-barrera-a-la-justicia-social","status":"publish","type":"post","link":"https:\/\/politicapatagonica.com\/index.php\/2025\/09\/11\/universidades-ziliotto-rechaza-el-veto-y-advierte-sobre-otra-barrera-a-la-justicia-social\/","title":{"rendered":"Universidades: el gobernador Ziliotto rechaza el veto y advierte sobre &#8220;otra barrera a la justicia social&#8221;"},"content":{"rendered":"\n<p><strong>El gobernador Sergio Ziliotto lament\u00f3 que el gobierno nacional haya vetado la Ley de Financiamiento Universitario.<\/strong>&nbsp;<\/p>\n\n\n\n<p><strong>&#8220;Otro rechazo a la educaci\u00f3n, otra barrera a la justicia social, otro cap\u00edtulo m\u00e1s de un modelo de gobierno de ajuste, represi\u00f3n y crueldad&#8221;, describi\u00f3 en sus redes sociales.&nbsp;<\/strong><\/p>\n\n\n\n<p>Advirti\u00f3 que <strong>&#8220;Insistiremos. Seguiremos luchando por la universidad p\u00fablica&#8221;<\/strong>.<\/p>\n\n\n\n<p>Adem\u00e1s, Ziliotto record\u00f3 que <strong>&#8220;la educaci\u00f3n nos une, nos forma y nos proyecta&#8221;,<\/strong> celebrando de paso el d\u00eda de maestros y maestras.<\/p>\n\n\n\n<p>Se\u00f1al\u00f3 que &#8220;en La Pampa entendemos que&nbsp;<strong>la educaci\u00f3n es mucho m\u00e1s que un derecho: es la herramienta m\u00e1s poderosa para abrir caminos de igualdad&nbsp;<\/strong>y construir un futuro compartido&#8221;.<\/p>\n\n\n\n<p>&#8220;Septiembre es un tiempo especial para celebrarla en todas sus formas: maestras y maestros que inspiran desde la infancia, profesoras y profesores que acompa\u00f1an a nuestra juventud en sus desaf\u00edos, y estudiantes que con sus sue\u00f1os y energ\u00eda mantienen viva la esperanza de un pa\u00eds mejor&#8221;, enumer\u00f3.<\/p>\n\n\n\n<p><strong>Agreg\u00f3 que &#8220;la docencia pampeana es sin\u00f3nimo de dedicaci\u00f3n y compromiso, llegando a cada rinc\u00f3n de nuestra provincia y transformando cada aula en un espacio de identidad, encuentro y futuro. Gracias por ense\u00f1ar, aprender y construir juntos la provincia que nos merecemos&#8221;, complet\u00f3.<\/strong><\/p>\n\n\n\n<p><strong>Fuente: www.eldiariodelapampa.com.ar<\/strong><\/p>\n","protected":false},"excerpt":{"rendered":"<p>El gobernador Sergio Ziliotto lament\u00f3 que el gobierno nacional haya vetado la Ley de Financiamiento Universitario.&nbsp; &#8220;Otro rechazo a la educaci\u00f3n, otra barrera a la justicia social, otro cap\u00edtulo m\u00e1s de un modelo de gobierno de ajuste, represi\u00f3n y crueldad&#8221;, describi\u00f3 en sus redes sociales.&nbsp; Advirti\u00f3 que &#8220;Insistiremos. Seguiremos luchando por la universidad p\u00fablica&#8221;. Adem\u00e1s, [&hellip;]<\/p>\n","protected":false},"author":5,"featured_media":7569,"comment_status":"open","ping_status":"open","sticky":false,"template":"","format":"standard","meta":[],"categories":[10],"tags":[],"_links":{"self":[{"href":"https:\/\/politicapatagonica.com\/index.php\/wp-json\/wp\/v2\/posts\/7568"}],"collection":[{"href":"https:\/\/politicapatagonica.com\/index.php\/wp-json\/wp\/v2\/posts"}],"about":[{"href":"https:\/\/politicapatagonica.com\/index.php\/wp-json\/wp\/v2\/types\/post"}],"author":[{"embeddable":true,"href":"https:\/\/politicapatagonica.com\/index.php\/wp-json\/wp\/v2\/users\/5"}],"replies":[{"embeddable":true,"href":"https:\/\/politicapatagonica.com\/index.php\/wp-json\/wp\/v2\/comments?post=7568"}],"version-history":[{"count":2,"href":"https:\/\/politicapatagonica.com\/index.php\/wp-json\/wp\/v2\/posts\/7568\/revisions"}],"predecessor-version":[{"id":7577,"href":"https:\/\/politicapatagonica.com\/index.php\/wp-json\/wp\/v2\/posts\/7568\/revisions\/7577"}],"wp:featuredmedia":[{"embeddable":true,"href":"https:\/\/politicapatagonica.com\/index.php\/wp-json\/wp\/v2\/media\/7569"}],"wp:attachment":[{"href":"https:\/\/politicapatagonica.com\/index.php\/wp-json\/wp\/v2\/media?parent=7568"}],"wp:term":[{"taxonomy":"category","embeddable":true,"href":"https:\/\/politicapatagonica.com\/index.php\/wp-json\/wp\/v2\/categories?post=7568"},{"taxonomy":"post_tag","embeddable":true,"href":"https:\/\/politicapatagonica.com\/index.php\/wp-json\/wp\/v2\/tags?post=7568"}],"curies":[{"name":"wp","href":"https:\/\/api.w.org\/{rel}","templated":true}]}}