{"id":7565,"date":"2025-09-11T19:44:23","date_gmt":"2025-09-11T19:44:23","guid":{"rendered":"https:\/\/politicapatagonica.com\/?p=7565"},"modified":"2025-09-12T12:10:10","modified_gmt":"2025-09-12T12:10:10","slug":"diaz-exige-la-reactivacion-de-obras-nacionales-paralizadas","status":"publish","type":"post","link":"https:\/\/politicapatagonica.com\/index.php\/2025\/09\/11\/diaz-exige-la-reactivacion-de-obras-nacionales-paralizadas\/","title":{"rendered":"Candidato a senador por Tierra del Fuego exige la reactivaci\u00f3n de obras nacionales paralizadas"},"content":{"rendered":"\n<p><br>El candidato a senador por el frente Defendamos Tierra del Fuego, Gast\u00f3n D\u00edaz, reclam\u00f3 al Gobierno Nacional encabezado por Javier Milei que reactive de manera urgente las obras p\u00fablicas paralizadas en la provincia, al considerar que afectan de forma directa a miles de familias fueguinas.<\/p>\n\n\n\n<p>Entre los proyectos frenados mencion\u00f3 las urbanizaciones en los sectores K y D de Ushuaia, la pasarela Pedro Fique, y en R\u00edo Grande, el entubado del canal paralelo a la calle Islas Malvinas, la terminal de \u00f3mnibus y el mercado de productores locales. Seg\u00fan D\u00edaz, se trata de obras que representan mejoras significativas en la calidad de vida y que, adem\u00e1s, tienen un fuerte impacto en la econom\u00eda y en la generaci\u00f3n de empleo.<\/p>\n\n\n\n<p>\u201cLa obra p\u00fablica motoriza la econom\u00eda. Es una actividad con un fuerte efecto multiplicador, que le inyecta recursos a otros sectores como el comercial\u201d, sostuvo el dirigente, al tiempo que remarc\u00f3 la falta de un plan de infraestructura federal por parte del Ejecutivo. \u201cEs un Gobierno Nacional que no debate el presupuesto de los argentinos porque no quiere transparentar su falta de planificaci\u00f3n ni el abandono de las funciones del Estado. La planificaci\u00f3n es la base de cualquier gesti\u00f3n seria, y hoy Milei est\u00e1 demostrando todo lo contrario\u201d, advirti\u00f3<\/p>\n\n\n\n<p>D\u00edaz tambi\u00e9n marc\u00f3 un contraste con la gesti\u00f3n municipal en R\u00edo Grande, destacando el modelo impulsado por el intendente Mart\u00edn Perez. \u201cCuando se planifica y se trabaja con equipos profesionales, las obras se hacen realidad y los vecinos ven mejoras concretas en su vida cotidiana. Eso es lo que queremos llevar tambi\u00e9n a nivel nacional\u201d, expres\u00f3<\/p>\n\n\n\n<p>Finalmente, el candidato exigi\u00f3 al Ejecutivo nacional que d\u00e9 respuestas inmediatas: \u201cLe reclamamos al Gobierno que reactive las obras en Tierra del Fuego y que nos cuenten qu\u00e9 piensan hacer para poner en marcha el aparato productivo. No podemos permitir m\u00e1s improvisaci\u00f3n ni que sigan frenando el desarrollo de nuestro pa\u00eds y de nuestra provincia\u201d<\/p>\n\n\n\n<p><strong>Fuente: www.eldiariodelfindelmundo.com<\/strong><\/p>\n","protected":false},"excerpt":{"rendered":"<p>El candidato a senador por el frente Defendamos Tierra del Fuego, Gast\u00f3n D\u00edaz, reclam\u00f3 al Gobierno Nacional encabezado por Javier Milei que reactive de manera urgente las obras p\u00fablicas paralizadas en la provincia, al considerar que afectan de forma directa a miles de familias fueguinas. Entre los proyectos frenados mencion\u00f3 las urbanizaciones en los sectores [&hellip;]<\/p>\n","protected":false},"author":5,"featured_media":7566,"comment_status":"open","ping_status":"open","sticky":false,"template":"","format":"standard","meta":[],"categories":[11],"tags":[],"_links":{"self":[{"href":"https:\/\/politicapatagonica.com\/index.php\/wp-json\/wp\/v2\/posts\/7565"}],"collection":[{"href":"https:\/\/politicapatagonica.com\/index.php\/wp-json\/wp\/v2\/posts"}],"about":[{"href":"https:\/\/politicapatagonica.com\/index.php\/wp-json\/wp\/v2\/types\/post"}],"author":[{"embeddable":true,"href":"https:\/\/politicapatagonica.com\/index.php\/wp-json\/wp\/v2\/users\/5"}],"replies":[{"embeddable":true,"href":"https:\/\/politicapatagonica.com\/index.php\/wp-json\/wp\/v2\/comments?post=7565"}],"version-history":[{"count":2,"href":"https:\/\/politicapatagonica.com\/index.php\/wp-json\/wp\/v2\/posts\/7565\/revisions"}],"predecessor-version":[{"id":7576,"href":"https:\/\/politicapatagonica.com\/index.php\/wp-json\/wp\/v2\/posts\/7565\/revisions\/7576"}],"wp:featuredmedia":[{"embeddable":true,"href":"https:\/\/politicapatagonica.com\/index.php\/wp-json\/wp\/v2\/media\/7566"}],"wp:attachment":[{"href":"https:\/\/politicapatagonica.com\/index.php\/wp-json\/wp\/v2\/media?parent=7565"}],"wp:term":[{"taxonomy":"category","embeddable":true,"href":"https:\/\/politicapatagonica.com\/index.php\/wp-json\/wp\/v2\/categories?post=7565"},{"taxonomy":"post_tag","embeddable":true,"href":"https:\/\/politicapatagonica.com\/index.php\/wp-json\/wp\/v2\/tags?post=7565"}],"curies":[{"name":"wp","href":"https:\/\/api.w.org\/{rel}","templated":true}]}}